{"id":3701,"date":"2017-07-05T12:26:52","date_gmt":"2017-07-05T10:26:52","guid":{"rendered":"http:\/\/plumplumcreations.com\/?p=3701\/"},"modified":"2017-07-05T12:31:14","modified_gmt":"2017-07-05T10:31:14","slug":"la-festa-del-redentore-venezia","status":"publish","type":"post","link":"https:\/\/plumplumcreations.com\/it\/2017\/07\/la-festa-del-redentore-venezia\/","title":{"rendered":"La festa del Redentore di Venezia"},"content":{"rendered":"<p>La <b>festa del Redentore<\/b> \u00e8 una festa tradizionale di Venezia che si celebra la terza domenica di luglio ed \u00e8 sicuramente una delle feste pi\u00f9 sentite dai veneziani.<\/p>\n<p>Il sabato che precede la terza domenica di luglio viene aperto un lungo ponte votivo di barche sul Canale della Giudecca che collega l&#8217;isola con le Zattere, consentendo cos\u00ec il raggiungimento pedonale della chiesa del Redentore.<\/p>\n<p><img decoding=\"async\" class=\"alignright size-full wp-image-3692\" src=\"http:\/\/plumplumcreations.com\/wp-content\/uploads\/2017\/07\/ponte_votivo.jpg\" alt=\"\" width=\"1250\" height=\"721\" srcset=\"https:\/\/plumplumcreations.com\/wp-content\/uploads\/2017\/07\/ponte_votivo.jpg 1250w, https:\/\/plumplumcreations.com\/wp-content\/uploads\/2017\/07\/ponte_votivo-600x346.jpg 600w, https:\/\/plumplumcreations.com\/wp-content\/uploads\/2017\/07\/ponte_votivo-300x173.jpg 300w, https:\/\/plumplumcreations.com\/wp-content\/uploads\/2017\/07\/ponte_votivo-768x443.jpg 768w, https:\/\/plumplumcreations.com\/wp-content\/uploads\/2017\/07\/ponte_votivo-1024x591.jpg 1024w, https:\/\/plumplumcreations.com\/wp-content\/uploads\/2017\/07\/ponte_votivo-1130x652.jpg 1130w, https:\/\/plumplumcreations.com\/wp-content\/uploads\/2017\/07\/ponte_votivo-800x461.jpg 800w, https:\/\/plumplumcreations.com\/wp-content\/uploads\/2017\/07\/ponte_votivo-550x317.jpg 550w, https:\/\/plumplumcreations.com\/wp-content\/uploads\/2017\/07\/ponte_votivo-200x115.jpg 200w, https:\/\/plumplumcreations.com\/wp-content\/uploads\/2017\/07\/ponte_votivo-50x29.jpg 50w\" sizes=\"(max-width: 1250px) 100vw, 1250px\" \/><\/p>\n<p>&nbsp;<\/p>\n<p>La festa del Redentore \u00e8 l&#8217;evento che ricorda la costruzione della Chiesa del Redentore per ordine del Senato veneziano nel 1576 come ex voto per la liberazione della citt\u00e0 dalla peste del 1575. La terribile pestilenza provoc\u00f2 la morte di oltre 50.000 persone in soli due anni.<\/p>\n<p>Alla fine della pestilenza, nel luglio del 1577, si decise di festeggiare con decorrenza annuale la liberazione, con allestimento di un ponte votivo.<\/p>\n<p>Questa celebrazione \u00e8 diventata col tempo una tradizione molto sentita dai veneziani ed \u00e8 ancora viva -e anzi, gode di ottima salute- dopo quasi cinque secoli.<\/p>\n<p>&nbsp;<\/p>\n<p><img decoding=\"async\" class=\"alignright size-full wp-image-3696\" src=\"http:\/\/plumplumcreations.com\/wp-content\/uploads\/2017\/07\/chiesa_redentore.jpg\" alt=\"\" width=\"1250\" height=\"969\" srcset=\"https:\/\/plumplumcreations.com\/wp-content\/uploads\/2017\/07\/chiesa_redentore.jpg 1250w, https:\/\/plumplumcreations.com\/wp-content\/uploads\/2017\/07\/chiesa_redentore-600x465.jpg 600w, https:\/\/plumplumcreations.com\/wp-content\/uploads\/2017\/07\/chiesa_redentore-300x233.jpg 300w, https:\/\/plumplumcreations.com\/wp-content\/uploads\/2017\/07\/chiesa_redentore-768x595.jpg 768w, https:\/\/plumplumcreations.com\/wp-content\/uploads\/2017\/07\/chiesa_redentore-1024x794.jpg 1024w, https:\/\/plumplumcreations.com\/wp-content\/uploads\/2017\/07\/chiesa_redentore-1130x876.jpg 1130w, https:\/\/plumplumcreations.com\/wp-content\/uploads\/2017\/07\/chiesa_redentore-800x620.jpg 800w, https:\/\/plumplumcreations.com\/wp-content\/uploads\/2017\/07\/chiesa_redentore-550x426.jpg 550w, https:\/\/plumplumcreations.com\/wp-content\/uploads\/2017\/07\/chiesa_redentore-193x150.jpg 193w, https:\/\/plumplumcreations.com\/wp-content\/uploads\/2017\/07\/chiesa_redentore-50x39.jpg 50w\" sizes=\"(max-width: 1250px) 100vw, 1250px\" \/><\/p>\n<p>&nbsp;<\/p>\n<p>La festa \u00e8 famosa (viene chiamata anche \u201c<em>la notte famosissima<\/em>\u201d) soprattutto per il meraviglioso spettacolo di fuochi d&#8217;artificio (\u201c<em>i foghi<\/em>\u201d) che si tiene nella notte tra il sabato e la domenica sul bacino di San Marco, che per l\u2019occasione \u00e8 chiuso alla normale navigazione ed accoglie le barche dei molti veneziani che si riversano in bacino per mangiare, bere, ballare e passare una serata in compagnia.<\/p>\n<p>&nbsp;<\/p>\n<p><img decoding=\"async\" class=\"alignright size-full wp-image-3694\" src=\"http:\/\/plumplumcreations.com\/wp-content\/uploads\/2017\/07\/fogi_salute.jpg\" alt=\"\" width=\"1250\" height=\"874\" srcset=\"https:\/\/plumplumcreations.com\/wp-content\/uploads\/2017\/07\/fogi_salute.jpg 1250w, https:\/\/plumplumcreations.com\/wp-content\/uploads\/2017\/07\/fogi_salute-600x420.jpg 600w, https:\/\/plumplumcreations.com\/wp-content\/uploads\/2017\/07\/fogi_salute-300x210.jpg 300w, https:\/\/plumplumcreations.com\/wp-content\/uploads\/2017\/07\/fogi_salute-768x537.jpg 768w, https:\/\/plumplumcreations.com\/wp-content\/uploads\/2017\/07\/fogi_salute-1024x716.jpg 1024w, https:\/\/plumplumcreations.com\/wp-content\/uploads\/2017\/07\/fogi_salute-1130x790.jpg 1130w, https:\/\/plumplumcreations.com\/wp-content\/uploads\/2017\/07\/fogi_salute-800x559.jpg 800w, https:\/\/plumplumcreations.com\/wp-content\/uploads\/2017\/07\/fogi_salute-550x385.jpg 550w, https:\/\/plumplumcreations.com\/wp-content\/uploads\/2017\/07\/fogi_salute-200x140.jpg 200w, https:\/\/plumplumcreations.com\/wp-content\/uploads\/2017\/07\/fogi_salute-50x35.jpg 50w\" sizes=\"(max-width: 1250px) 100vw, 1250px\" \/><\/p>\n","protected":false},"excerpt":{"rendered":"<p>La festa del Redentore \u00e8 una festa tradizionale di Venezia che si celebra la terza domenica di luglio ed \u00e8 sicuramente una delle feste pi\u00f9 sentite dai veneziani. Il sabato che precede la terza domenica di luglio viene aperto un lungo ponte votivo di barche sul Canale della Giudecca che collega l&#8217;isola con le Zattere, &#8230;<a class=\"r_more_blog\" href=\"https:\/\/plumplumcreations.com\/it\/2017\/07\/la-festa-del-redentore-venezia\/#more-3701\"><i class=\"fa fa-sign-in\"><\/i> read more<\/a><\/p>\n","protected":false},"author":3,"featured_media":3699,"comment_status":"closed","ping_status":"closed","sticky":false,"template":"","format":"standard","meta":{"footnotes":""},"categories":[179],"tags":[544,618,543,540,545,535,733,539,743,519,518,197],"class_list":["post-3701","post","type-post","status-publish","format-standard","has-post-thumbnail","hentry","category-venezia","tag-celebrazione","tag-festa-it","tag-festa","tag-giudecca","tag-luglio","tag-redentore","tag-rradizioni-veneziane","tag-san-marco","tag-storia-it","tag-tradizione","tag-tradizione-veneziana","tag-venezia"],"yoast_head":"<!-- This site is optimized with the Yoast SEO plugin v27.2 - https:\/\/yoast.com\/product\/yoast-seo-wordpress\/ -->\n<title>La festa del Redentore di Venezia - Plum Plum Creations<\/title>\n<meta name=\"description\" content=\"The Redentore Feast (Redeemer\u2019s Feast) is a traditional feast of Venice: it is celebrated on the third Sunday of July and it is truly loved by the venetians\" \/>\n<meta name=\"robots\" content=\"index, follow, max-snippet:-1, max-image-preview:large, max-video-preview:-1\" \/>\n<link rel=\"canonical\" href=\"https:\/\/plumplumcreations.com\/it\/2017\/07\/la-festa-del-redentore-venezia\/\" \/>\n<meta property=\"og:locale\" content=\"it_IT\" \/>\n<meta property=\"og:type\" content=\"article\" \/>\n<meta property=\"og:title\" content=\"La festa del Redentore di Venezia - Plum Plum Creations\" \/>\n<meta property=\"og:description\" content=\"The Redentore Feast (Redeemer\u2019s Feast) is a traditional feast of Venice: it is celebrated on the third Sunday of July and it is truly loved by the venetians\" \/>\n<meta property=\"og:url\" content=\"https:\/\/plumplumcreations.com\/it\/2017\/07\/la-festa-del-redentore-venezia\/\" \/>\n<meta property=\"og:site_name\" content=\"Plum Plum Creations\" \/>\n<meta property=\"article:publisher\" content=\"https:\/\/www.facebook.com\/plumplumcreations\/\" \/>\n<meta property=\"article:author\" content=\"http:\/\/www.facebook.com\/plumplumcreations\" \/>\n<meta property=\"article:published_time\" content=\"2017-07-05T10:26:52+00:00\" \/>\n<meta property=\"article:modified_time\" content=\"2017-07-05T10:31:14+00:00\" \/>\n<meta property=\"og:image\" content=\"https:\/\/plumplumcreations.com\/wp-content\/uploads\/2017\/07\/redenotre_cover.jpg\" \/>\n\t<meta property=\"og:image:width\" content=\"1000\" \/>\n\t<meta property=\"og:image:height\" content=\"750\" \/>\n\t<meta property=\"og:image:type\" content=\"image\/jpeg\" \/>\n<meta name=\"author\" content=\"Arianna\" \/>\n<meta name=\"twitter:card\" content=\"summary_large_image\" \/>\n<meta name=\"twitter:creator\" content=\"@Plum2Creations\" \/>\n<meta name=\"twitter:site\" content=\"@Plum2Creations\" \/>\n<meta name=\"twitter:label1\" content=\"Scritto da\" \/>\n\t<meta name=\"twitter:data1\" content=\"Arianna\" \/>\n\t<meta name=\"twitter:label2\" content=\"Tempo di lettura stimato\" \/>\n\t<meta name=\"twitter:data2\" content=\"1 minuto\" \/>\n<script type=\"application\/ld+json\" class=\"yoast-schema-graph\">{\"@context\":\"https:\/\/schema.org\",\"@graph\":[{\"@type\":\"Article\",\"@id\":\"https:\/\/plumplumcreations.com\/it\/2017\/07\/la-festa-del-redentore-venezia\/#article\",\"isPartOf\":{\"@id\":\"https:\/\/plumplumcreations.com\/it\/2017\/07\/la-festa-del-redentore-venezia\/\"},\"author\":{\"name\":\"Arianna\",\"@id\":\"https:\/\/plumplumcreations.com\/it\/#\/schema\/person\/3397ab6b08ad3932aa10f504cb0aea80\"},\"headline\":\"La festa del Redentore di Venezia\",\"datePublished\":\"2017-07-05T10:26:52+00:00\",\"dateModified\":\"2017-07-05T10:31:14+00:00\",\"mainEntityOfPage\":{\"@id\":\"https:\/\/plumplumcreations.com\/it\/2017\/07\/la-festa-del-redentore-venezia\/\"},\"wordCount\":229,\"publisher\":{\"@id\":\"https:\/\/plumplumcreations.com\/it\/#organization\"},\"image\":{\"@id\":\"https:\/\/plumplumcreations.com\/it\/2017\/07\/la-festa-del-redentore-venezia\/#primaryimage\"},\"thumbnailUrl\":\"https:\/\/plumplumcreations.com\/wp-content\/uploads\/2017\/07\/redenotre_cover.jpg\",\"keywords\":[\"celebrazione\",\"festa\",\"festa\",\"Giudecca\",\"Luglio\",\"Redentore\",\"rradizioni veneziane\",\"San Marco\",\"storia\",\"tradizione\",\"tradizione veneziana\",\"Venezia\"],\"articleSection\":[\"Venezia\"],\"inLanguage\":\"it-IT\"},{\"@type\":\"WebPage\",\"@id\":\"https:\/\/plumplumcreations.com\/it\/2017\/07\/la-festa-del-redentore-venezia\/\",\"url\":\"https:\/\/plumplumcreations.com\/it\/2017\/07\/la-festa-del-redentore-venezia\/\",\"name\":\"La festa del Redentore di Venezia - Plum Plum Creations\",\"isPartOf\":{\"@id\":\"https:\/\/plumplumcreations.com\/it\/#website\"},\"primaryImageOfPage\":{\"@id\":\"https:\/\/plumplumcreations.com\/it\/2017\/07\/la-festa-del-redentore-venezia\/#primaryimage\"},\"image\":{\"@id\":\"https:\/\/plumplumcreations.com\/it\/2017\/07\/la-festa-del-redentore-venezia\/#primaryimage\"},\"thumbnailUrl\":\"https:\/\/plumplumcreations.com\/wp-content\/uploads\/2017\/07\/redenotre_cover.jpg\",\"datePublished\":\"2017-07-05T10:26:52+00:00\",\"dateModified\":\"2017-07-05T10:31:14+00:00\",\"description\":\"The Redentore Feast (Redeemer\u2019s Feast) is a traditional feast of Venice: it is celebrated on the third Sunday of July and it is truly loved by the venetians\",\"breadcrumb\":{\"@id\":\"https:\/\/plumplumcreations.com\/it\/2017\/07\/la-festa-del-redentore-venezia\/#breadcrumb\"},\"inLanguage\":\"it-IT\",\"potentialAction\":[{\"@type\":\"ReadAction\",\"target\":[\"https:\/\/plumplumcreations.com\/it\/2017\/07\/la-festa-del-redentore-venezia\/\"]}]},{\"@type\":\"ImageObject\",\"inLanguage\":\"it-IT\",\"@id\":\"https:\/\/plumplumcreations.com\/it\/2017\/07\/la-festa-del-redentore-venezia\/#primaryimage\",\"url\":\"https:\/\/plumplumcreations.com\/wp-content\/uploads\/2017\/07\/redenotre_cover.jpg\",\"contentUrl\":\"https:\/\/plumplumcreations.com\/wp-content\/uploads\/2017\/07\/redenotre_cover.jpg\",\"width\":1000,\"height\":750},{\"@type\":\"BreadcrumbList\",\"@id\":\"https:\/\/plumplumcreations.com\/it\/2017\/07\/la-festa-del-redentore-venezia\/#breadcrumb\",\"itemListElement\":[{\"@type\":\"ListItem\",\"position\":1,\"name\":\"Home\",\"item\":\"https:\/\/plumplumcreations.com\/it\/\"},{\"@type\":\"ListItem\",\"position\":2,\"name\":\"La festa del Redentore di Venezia\"}]},{\"@type\":\"WebSite\",\"@id\":\"https:\/\/plumplumcreations.com\/it\/#website\",\"url\":\"https:\/\/plumplumcreations.com\/it\/\",\"name\":\"Plum Plum Creations\",\"description\":\"Art for Crafts'sake\",\"publisher\":{\"@id\":\"https:\/\/plumplumcreations.com\/it\/#organization\"},\"potentialAction\":[{\"@type\":\"SearchAction\",\"target\":{\"@type\":\"EntryPoint\",\"urlTemplate\":\"https:\/\/plumplumcreations.com\/it\/?s={search_term_string}\"},\"query-input\":{\"@type\":\"PropertyValueSpecification\",\"valueRequired\":true,\"valueName\":\"search_term_string\"}}],\"inLanguage\":\"it-IT\"},{\"@type\":\"Organization\",\"@id\":\"https:\/\/plumplumcreations.com\/it\/#organization\",\"name\":\"Plum Plum Creations di Arianna Sautariello\",\"url\":\"https:\/\/plumplumcreations.com\/it\/\",\"logo\":{\"@type\":\"ImageObject\",\"inLanguage\":\"it-IT\",\"@id\":\"https:\/\/plumplumcreations.com\/it\/#\/schema\/logo\/image\/\",\"url\":\"https:\/\/plumplumcreations.com\/wp-content\/uploads\/2017\/05\/logo-1.png\",\"contentUrl\":\"https:\/\/plumplumcreations.com\/wp-content\/uploads\/2017\/05\/logo-1.png\",\"width\":190,\"height\":57,\"caption\":\"Plum Plum Creations di Arianna Sautariello\"},\"image\":{\"@id\":\"https:\/\/plumplumcreations.com\/it\/#\/schema\/logo\/image\/\"},\"sameAs\":[\"https:\/\/www.facebook.com\/plumplumcreations\/\",\"https:\/\/x.com\/Plum2Creations\",\"http:\/\/instagram.com\/plumplumcreations\",\"http:\/\/pinterest.com\/ariautas\",\"https:\/\/www.youtube.com\/channel\/UCVw_esEH4FG7Pd2CNkOViig\"]},{\"@type\":\"Person\",\"@id\":\"https:\/\/plumplumcreations.com\/it\/#\/schema\/person\/3397ab6b08ad3932aa10f504cb0aea80\",\"name\":\"Arianna\",\"sameAs\":[\"http:\/\/plumplumcreations.com\/about-me\/\",\"http:\/\/www.facebook.com\/plumplumcreations\",\"https:\/\/x.com\/Plum2Creations\"]}]}<\/script>\n<!-- \/ Yoast SEO plugin. -->","yoast_head_json":{"title":"La festa del Redentore di Venezia - Plum Plum Creations","description":"The Redentore Feast (Redeemer\u2019s Feast) is a traditional feast of Venice: it is celebrated on the third Sunday of July and it is truly loved by the venetians","robots":{"index":"index","follow":"follow","max-snippet":"max-snippet:-1","max-image-preview":"max-image-preview:large","max-video-preview":"max-video-preview:-1"},"canonical":"https:\/\/plumplumcreations.com\/it\/2017\/07\/la-festa-del-redentore-venezia\/","og_locale":"it_IT","og_type":"article","og_title":"La festa del Redentore di Venezia - Plum Plum Creations","og_description":"The Redentore Feast (Redeemer\u2019s Feast) is a traditional feast of Venice: it is celebrated on the third Sunday of July and it is truly loved by the venetians","og_url":"https:\/\/plumplumcreations.com\/it\/2017\/07\/la-festa-del-redentore-venezia\/","og_site_name":"Plum Plum Creations","article_publisher":"https:\/\/www.facebook.com\/plumplumcreations\/","article_author":"http:\/\/www.facebook.com\/plumplumcreations","article_published_time":"2017-07-05T10:26:52+00:00","article_modified_time":"2017-07-05T10:31:14+00:00","og_image":[{"width":1000,"height":750,"url":"https:\/\/plumplumcreations.com\/wp-content\/uploads\/2017\/07\/redenotre_cover.jpg","type":"image\/jpeg"}],"author":"Arianna","twitter_card":"summary_large_image","twitter_creator":"@Plum2Creations","twitter_site":"@Plum2Creations","twitter_misc":{"Scritto da":"Arianna","Tempo di lettura stimato":"1 minuto"},"schema":{"@context":"https:\/\/schema.org","@graph":[{"@type":"Article","@id":"https:\/\/plumplumcreations.com\/it\/2017\/07\/la-festa-del-redentore-venezia\/#article","isPartOf":{"@id":"https:\/\/plumplumcreations.com\/it\/2017\/07\/la-festa-del-redentore-venezia\/"},"author":{"name":"Arianna","@id":"https:\/\/plumplumcreations.com\/it\/#\/schema\/person\/3397ab6b08ad3932aa10f504cb0aea80"},"headline":"La festa del Redentore di Venezia","datePublished":"2017-07-05T10:26:52+00:00","dateModified":"2017-07-05T10:31:14+00:00","mainEntityOfPage":{"@id":"https:\/\/plumplumcreations.com\/it\/2017\/07\/la-festa-del-redentore-venezia\/"},"wordCount":229,"publisher":{"@id":"https:\/\/plumplumcreations.com\/it\/#organization"},"image":{"@id":"https:\/\/plumplumcreations.com\/it\/2017\/07\/la-festa-del-redentore-venezia\/#primaryimage"},"thumbnailUrl":"https:\/\/plumplumcreations.com\/wp-content\/uploads\/2017\/07\/redenotre_cover.jpg","keywords":["celebrazione","festa","festa","Giudecca","Luglio","Redentore","rradizioni veneziane","San Marco","storia","tradizione","tradizione veneziana","Venezia"],"articleSection":["Venezia"],"inLanguage":"it-IT"},{"@type":"WebPage","@id":"https:\/\/plumplumcreations.com\/it\/2017\/07\/la-festa-del-redentore-venezia\/","url":"https:\/\/plumplumcreations.com\/it\/2017\/07\/la-festa-del-redentore-venezia\/","name":"La festa del Redentore di Venezia - Plum Plum Creations","isPartOf":{"@id":"https:\/\/plumplumcreations.com\/it\/#website"},"primaryImageOfPage":{"@id":"https:\/\/plumplumcreations.com\/it\/2017\/07\/la-festa-del-redentore-venezia\/#primaryimage"},"image":{"@id":"https:\/\/plumplumcreations.com\/it\/2017\/07\/la-festa-del-redentore-venezia\/#primaryimage"},"thumbnailUrl":"https:\/\/plumplumcreations.com\/wp-content\/uploads\/2017\/07\/redenotre_cover.jpg","datePublished":"2017-07-05T10:26:52+00:00","dateModified":"2017-07-05T10:31:14+00:00","description":"The Redentore Feast (Redeemer\u2019s Feast) is a traditional feast of Venice: it is celebrated on the third Sunday of July and it is truly loved by the venetians","breadcrumb":{"@id":"https:\/\/plumplumcreations.com\/it\/2017\/07\/la-festa-del-redentore-venezia\/#breadcrumb"},"inLanguage":"it-IT","potentialAction":[{"@type":"ReadAction","target":["https:\/\/plumplumcreations.com\/it\/2017\/07\/la-festa-del-redentore-venezia\/"]}]},{"@type":"ImageObject","inLanguage":"it-IT","@id":"https:\/\/plumplumcreations.com\/it\/2017\/07\/la-festa-del-redentore-venezia\/#primaryimage","url":"https:\/\/plumplumcreations.com\/wp-content\/uploads\/2017\/07\/redenotre_cover.jpg","contentUrl":"https:\/\/plumplumcreations.com\/wp-content\/uploads\/2017\/07\/redenotre_cover.jpg","width":1000,"height":750},{"@type":"BreadcrumbList","@id":"https:\/\/plumplumcreations.com\/it\/2017\/07\/la-festa-del-redentore-venezia\/#breadcrumb","itemListElement":[{"@type":"ListItem","position":1,"name":"Home","item":"https:\/\/plumplumcreations.com\/it\/"},{"@type":"ListItem","position":2,"name":"La festa del Redentore di Venezia"}]},{"@type":"WebSite","@id":"https:\/\/plumplumcreations.com\/it\/#website","url":"https:\/\/plumplumcreations.com\/it\/","name":"Plum Plum Creations","description":"Art for Crafts'sake","publisher":{"@id":"https:\/\/plumplumcreations.com\/it\/#organization"},"potentialAction":[{"@type":"SearchAction","target":{"@type":"EntryPoint","urlTemplate":"https:\/\/plumplumcreations.com\/it\/?s={search_term_string}"},"query-input":{"@type":"PropertyValueSpecification","valueRequired":true,"valueName":"search_term_string"}}],"inLanguage":"it-IT"},{"@type":"Organization","@id":"https:\/\/plumplumcreations.com\/it\/#organization","name":"Plum Plum Creations di Arianna Sautariello","url":"https:\/\/plumplumcreations.com\/it\/","logo":{"@type":"ImageObject","inLanguage":"it-IT","@id":"https:\/\/plumplumcreations.com\/it\/#\/schema\/logo\/image\/","url":"https:\/\/plumplumcreations.com\/wp-content\/uploads\/2017\/05\/logo-1.png","contentUrl":"https:\/\/plumplumcreations.com\/wp-content\/uploads\/2017\/05\/logo-1.png","width":190,"height":57,"caption":"Plum Plum Creations di Arianna Sautariello"},"image":{"@id":"https:\/\/plumplumcreations.com\/it\/#\/schema\/logo\/image\/"},"sameAs":["https:\/\/www.facebook.com\/plumplumcreations\/","https:\/\/x.com\/Plum2Creations","http:\/\/instagram.com\/plumplumcreations","http:\/\/pinterest.com\/ariautas","https:\/\/www.youtube.com\/channel\/UCVw_esEH4FG7Pd2CNkOViig"]},{"@type":"Person","@id":"https:\/\/plumplumcreations.com\/it\/#\/schema\/person\/3397ab6b08ad3932aa10f504cb0aea80","name":"Arianna","sameAs":["http:\/\/plumplumcreations.com\/about-me\/","http:\/\/www.facebook.com\/plumplumcreations","https:\/\/x.com\/Plum2Creations"]}]}},"_links":{"self":[{"href":"https:\/\/plumplumcreations.com\/it\/wp-json\/wp\/v2\/posts\/3701","targetHints":{"allow":["GET"]}}],"collection":[{"href":"https:\/\/plumplumcreations.com\/it\/wp-json\/wp\/v2\/posts"}],"about":[{"href":"https:\/\/plumplumcreations.com\/it\/wp-json\/wp\/v2\/types\/post"}],"author":[{"embeddable":true,"href":"https:\/\/plumplumcreations.com\/it\/wp-json\/wp\/v2\/users\/3"}],"replies":[{"embeddable":true,"href":"https:\/\/plumplumcreations.com\/it\/wp-json\/wp\/v2\/comments?post=3701"}],"version-history":[{"count":1,"href":"https:\/\/plumplumcreations.com\/it\/wp-json\/wp\/v2\/posts\/3701\/revisions"}],"predecessor-version":[{"id":3702,"href":"https:\/\/plumplumcreations.com\/it\/wp-json\/wp\/v2\/posts\/3701\/revisions\/3702"}],"wp:featuredmedia":[{"embeddable":true,"href":"https:\/\/plumplumcreations.com\/it\/wp-json\/wp\/v2\/media\/3699"}],"wp:attachment":[{"href":"https:\/\/plumplumcreations.com\/it\/wp-json\/wp\/v2\/media?parent=3701"}],"wp:term":[{"taxonomy":"category","embeddable":true,"href":"https:\/\/plumplumcreations.com\/it\/wp-json\/wp\/v2\/categories?post=3701"},{"taxonomy":"post_tag","embeddable":true,"href":"https:\/\/plumplumcreations.com\/it\/wp-json\/wp\/v2\/tags?post=3701"}],"curies":[{"name":"wp","href":"https:\/\/api.w.org\/{rel}","templated":true}]}}