{"id":5199,"date":"2018-08-29T15:41:12","date_gmt":"2018-08-29T13:41:12","guid":{"rendered":"https:\/\/plumplumcreations.com\/toponomastica-veneziana-campi-campielli-corti\/"},"modified":"2018-08-29T15:47:58","modified_gmt":"2018-08-29T13:47:58","slug":"toponomastica-veneziana-campi-campielli-corti","status":"publish","type":"post","link":"https:\/\/plumplumcreations.com\/it\/2018\/08\/toponomastica-veneziana-campi-campielli-corti\/","title":{"rendered":"Toponomastica veneziana: Campi, Campielli, Corti"},"content":{"rendered":"<p>Se a Venezia non ci sono strade ma calli (a parte poche eccezioni, come abbiamo imparato leggendo q<a href=\"https:\/\/plumplumcreations.com\/it\/2018\/04\/toponomastica-veneziana-calle-calle-larga-salizada-rio-tera-ramo-sotoportego\/\" target=\"_blank\" rel=\"noopener\"><em>uesto articolo<\/em><\/a>), lo stesso discorso vale per le piazze: se sentite parlare di \u201cpiazza\u201d, non potrete che riferirvi a <strong>Piazza San Marco<\/strong>, l\u2019unica e sola Piazza di Venezia.<br \/>\nTutte le altre zone della viabilit\u00e0 che nel resto del mondo si chiamano piazze, a Venezia sono <strong>Campi<\/strong>.<br \/>\nIl campo, come si deduce dal termine, in antichit\u00e0 era ricoperto d\u2019erba ed adibito alla coltivazione, con orti e alberi da frutto, oppure vi si potevano trovare pecore o cavalli al pascolo.<br \/>\nSolo pi\u00f9 recentemente i campi sono stati lastricati, ma esiste ancora una testimonianza di come dovevano apparire i campi ai tempi della Serenissima, per vederla basta visitare il campo di <strong>San Pietro di Castello<\/strong>, con i suoi prati e alberi.<\/p>\n<p>&nbsp;<\/p>\n<div id=\"attachment_5184\" style=\"width: 910px\" class=\"wp-caption aligncenter\"><img decoding=\"async\" aria-describedby=\"caption-attachment-5184\" class=\"wp-image-5183 size-full\" src=\"https:\/\/plumplumcreations.com\/wp-content\/uploads\/2018\/08\/san_piero.jpg\" alt=\"\" width=\"900\" height=\"599\" srcset=\"https:\/\/plumplumcreations.com\/wp-content\/uploads\/2018\/08\/san_piero.jpg 900w, https:\/\/plumplumcreations.com\/wp-content\/uploads\/2018\/08\/san_piero-300x200.jpg 300w, https:\/\/plumplumcreations.com\/wp-content\/uploads\/2018\/08\/san_piero-768x511.jpg 768w, https:\/\/plumplumcreations.com\/wp-content\/uploads\/2018\/08\/san_piero-800x532.jpg 800w, https:\/\/plumplumcreations.com\/wp-content\/uploads\/2018\/08\/san_piero-550x366.jpg 550w, https:\/\/plumplumcreations.com\/wp-content\/uploads\/2018\/08\/san_piero-200x133.jpg 200w, https:\/\/plumplumcreations.com\/wp-content\/uploads\/2018\/08\/san_piero-50x33.jpg 50w, https:\/\/plumplumcreations.com\/wp-content\/uploads\/2018\/08\/san_piero-600x399.jpg 600w\" sizes=\"(max-width: 900px) 100vw, 900px\" \/><p id=\"caption-attachment-5184\" class=\"wp-caption-text\">San Pietro di Castello<\/p><\/div>\n<p>&nbsp;<\/p>\n<p>Il significato sociale del campo \u00e8 sempre stato molto forte, essendo Venezia una citt\u00e0 policentrica, costruita su numerose isole che vivevano una vita a s\u00e8 stante.<br \/>\nLo spazio aperto attorniato da case era un luogo di ritrovo per gli abitanti, dove si svolgeva il mercato e affacciavano le botteghe artigiane.<br \/>\nNel campo affacciava sempre una chiesa, con annesso cimitero; la funzione del campo come luogo di sepoltura \u00e8 ancora indicata in alcuni casi con la presenza di un area sopraelevata di pi\u00f9 di un metro rispetto alla normale viabilit\u00e0 (Napoleone ha poi vietato la pratica della tumulazione nei campi, spostando il cimitero nell\u2019attuale isola di San Michele).<\/p>\n<p>&nbsp;<\/p>\n<div id=\"attachment_5186\" style=\"width: 910px\" class=\"wp-caption aligncenter\"><img decoding=\"async\" aria-describedby=\"caption-attachment-5186\" class=\"wp-image-5185 size-full\" src=\"https:\/\/plumplumcreations.com\/wp-content\/uploads\/2018\/08\/san_trovaso.jpg\" alt=\"\" width=\"900\" height=\"644\" srcset=\"https:\/\/plumplumcreations.com\/wp-content\/uploads\/2018\/08\/san_trovaso.jpg 900w, https:\/\/plumplumcreations.com\/wp-content\/uploads\/2018\/08\/san_trovaso-300x215.jpg 300w, https:\/\/plumplumcreations.com\/wp-content\/uploads\/2018\/08\/san_trovaso-768x550.jpg 768w, https:\/\/plumplumcreations.com\/wp-content\/uploads\/2018\/08\/san_trovaso-800x572.jpg 800w, https:\/\/plumplumcreations.com\/wp-content\/uploads\/2018\/08\/san_trovaso-550x394.jpg 550w, https:\/\/plumplumcreations.com\/wp-content\/uploads\/2018\/08\/san_trovaso-200x143.jpg 200w, https:\/\/plumplumcreations.com\/wp-content\/uploads\/2018\/08\/san_trovaso-50x36.jpg 50w, https:\/\/plumplumcreations.com\/wp-content\/uploads\/2018\/08\/san_trovaso-600x429.jpg 600w\" sizes=\"(max-width: 900px) 100vw, 900px\" \/><p id=\"caption-attachment-5186\" class=\"wp-caption-text\">Campo San Trovato e il suo ex cimitero<\/p><\/div>\n<p>&nbsp;<\/p>\n<p>Nei campi pi\u00f9 grandi si svolgevano anche processioni e manifestazioni religiose, oltre a tornei e discorsi pubblici.<\/p>\n<p>Anche in tempi molto pi\u00f9 recenti, il campo \u00e8 stato (ed \u00e8 tuttora, anche se lo spopolamento di Venezia fa sentire drammaticamente i suoi effetti) il luogo di ritrovo dei bambini che giocavano soprattutto a calcio o ai giochi pi\u00f9 diversi, come il salto della corda o andare sui pattini.<\/p>\n<p>&nbsp;<\/p>\n<div id=\"attachment_5188\" style=\"width: 910px\" class=\"wp-caption aligncenter\"><img decoding=\"async\" aria-describedby=\"caption-attachment-5188\" class=\"wp-image-5187 size-full\" src=\"https:\/\/plumplumcreations.com\/wp-content\/uploads\/2018\/08\/gesuiti_calcio.jpg\" alt=\"\" width=\"900\" height=\"601\" srcset=\"https:\/\/plumplumcreations.com\/wp-content\/uploads\/2018\/08\/gesuiti_calcio.jpg 900w, https:\/\/plumplumcreations.com\/wp-content\/uploads\/2018\/08\/gesuiti_calcio-300x200.jpg 300w, https:\/\/plumplumcreations.com\/wp-content\/uploads\/2018\/08\/gesuiti_calcio-768x513.jpg 768w, https:\/\/plumplumcreations.com\/wp-content\/uploads\/2018\/08\/gesuiti_calcio-800x534.jpg 800w, https:\/\/plumplumcreations.com\/wp-content\/uploads\/2018\/08\/gesuiti_calcio-550x367.jpg 550w, https:\/\/plumplumcreations.com\/wp-content\/uploads\/2018\/08\/gesuiti_calcio-200x134.jpg 200w, https:\/\/plumplumcreations.com\/wp-content\/uploads\/2018\/08\/gesuiti_calcio-50x33.jpg 50w, https:\/\/plumplumcreations.com\/wp-content\/uploads\/2018\/08\/gesuiti_calcio-600x401.jpg 600w\" sizes=\"(max-width: 900px) 100vw, 900px\" \/><p id=\"caption-attachment-5188\" class=\"wp-caption-text\">Campo dei Gesuiti con bambini che giocano a calcio<\/p><\/div>\n<p>&nbsp;<\/p>\n<p>Altra figura immancabile in ogni campo era il pozzo, unica fonte di approvvigionamento idrico della citt\u00e0, prima della costruzione dell\u2019acquedotto.<br \/>\nFortunatamente si possono tuttora ammirare i numerosissimi pozzi con le loro vere da pozzo finemente lavorate, anche se inutilizzati (sul funzionamento dei pozzi <a href=\"https:\/\/plumplumcreations.com\/it\/2017\/09\/vere-da-pozzo\/\" target=\"_blank\" rel=\"noopener\"><i>leggi questo articolo<\/i><\/a>).<br \/>\nI campi devono il loro nome spesso a chiese che vi sorgono (o sorgevano), ma anche a famiglie importanti che vi risiedevano o a mestieri che in antichit\u00e0 vi venivano svolti.<\/p>\n<p>&nbsp;<\/p>\n<p>Quando il campo \u00e8 di dimensioni ridotte si parla di <strong>Campiello<\/strong>, spesso solo uno slargo della calle o un appendice di un campo pi grande, \u00e8 solitamente privo di pozzo e attorniato da case.<\/p>\n<p>Nel campiello la vita sociale era ancora pi\u00f9 tipica, perch\u00e9 di fatto formava il centro di un micro quartiere, dove si intesseva il tessuto sociale della citt\u00e0, con i pettegolezzi, i litigi e il chiacchiericcio popolare di una citt\u00e0 viva e affollata.\u00a0<strong>Carlo Goldoni<\/strong> nella sua commedia \u201cIl campiello\u201d racconta proprio queste abitudini.<br \/>\nL\u2019importanza del campiello \u00e8 testimoniata anche dal nome dato all\u2019importante premio letterario Il campiello, uno dei pi\u00f9 prestigiosi e conosciuti premi letterari italiani.<\/p>\n<p>&nbsp;<\/p>\n<div id=\"attachment_5190\" style=\"width: 878px\" class=\"wp-caption aligncenter\"><img decoding=\"async\" aria-describedby=\"caption-attachment-5190\" class=\"size-full wp-image-5189\" src=\"https:\/\/plumplumcreations.com\/wp-content\/uploads\/2018\/08\/campiello.jpg\" alt=\"\" width=\"868\" height=\"650\" srcset=\"https:\/\/plumplumcreations.com\/wp-content\/uploads\/2018\/08\/campiello.jpg 868w, https:\/\/plumplumcreations.com\/wp-content\/uploads\/2018\/08\/campiello-300x225.jpg 300w, https:\/\/plumplumcreations.com\/wp-content\/uploads\/2018\/08\/campiello-768x575.jpg 768w, https:\/\/plumplumcreations.com\/wp-content\/uploads\/2018\/08\/campiello-800x599.jpg 800w, https:\/\/plumplumcreations.com\/wp-content\/uploads\/2018\/08\/campiello-640x480.jpg 640w, https:\/\/plumplumcreations.com\/wp-content\/uploads\/2018\/08\/campiello-550x412.jpg 550w, https:\/\/plumplumcreations.com\/wp-content\/uploads\/2018\/08\/campiello-200x150.jpg 200w, https:\/\/plumplumcreations.com\/wp-content\/uploads\/2018\/08\/campiello-50x37.jpg 50w, https:\/\/plumplumcreations.com\/wp-content\/uploads\/2018\/08\/campiello-600x449.jpg 600w\" sizes=\"(max-width: 868px) 100vw, 868px\" \/><p id=\"caption-attachment-5190\" class=\"wp-caption-text\">Campiello<\/p><\/div>\n<p>&nbsp;<\/p>\n<p>Ancora pi\u00f9 piccolo del campiello \u00e8 la <strong>Corte<\/strong>, che solitamente ha una sola entrata attraverso un sottoportico o una calle a volte munita di cancello. Di fatto la corte era considerata un estensione della casa, dove si potevano trovare le donne di casa che, durante la bella stagione, sedute di fianco alla loro porta, svolgevano attivit\u00e0 casalinghe come la pulizia di pesce e verdure, il cucito e il ricamo, e la pratica dell\u2019infilare perline in un filo per la fabbricazione di collane, attivit\u00e0 tipica che in dialetto viene chiamata \u201ci<em>mpiraperle<\/em>\u201d.<\/p>\n<div id=\"attachment_5192\" style=\"width: 910px\" class=\"wp-caption aligncenter\"><img decoding=\"async\" aria-describedby=\"caption-attachment-5192\" class=\"size-full wp-image-5191\" src=\"https:\/\/plumplumcreations.com\/wp-content\/uploads\/2018\/08\/corte.jpg\" alt=\"\" width=\"900\" height=\"601\" srcset=\"https:\/\/plumplumcreations.com\/wp-content\/uploads\/2018\/08\/corte.jpg 900w, https:\/\/plumplumcreations.com\/wp-content\/uploads\/2018\/08\/corte-300x200.jpg 300w, https:\/\/plumplumcreations.com\/wp-content\/uploads\/2018\/08\/corte-768x513.jpg 768w, https:\/\/plumplumcreations.com\/wp-content\/uploads\/2018\/08\/corte-800x534.jpg 800w, https:\/\/plumplumcreations.com\/wp-content\/uploads\/2018\/08\/corte-550x367.jpg 550w, https:\/\/plumplumcreations.com\/wp-content\/uploads\/2018\/08\/corte-200x134.jpg 200w, https:\/\/plumplumcreations.com\/wp-content\/uploads\/2018\/08\/corte-50x33.jpg 50w, https:\/\/plumplumcreations.com\/wp-content\/uploads\/2018\/08\/corte-600x401.jpg 600w\" sizes=\"(max-width: 900px) 100vw, 900px\" \/><p id=\"caption-attachment-5192\" class=\"wp-caption-text\">Corte<\/p><\/div>\n<p>&nbsp;<\/p>\n<p>Fonti<\/p>\n<p><a href=\"https:\/\/venicewiki.org\/wiki\/Campo\">https:\/\/venicewiki.org\/wiki\/Campo<\/a><br \/>\n<a href=\"https:\/\/www.innvenice.com\/Toponomastica-Venezia.htm\">https:\/\/www.innvenice.com\/Toponomastica-Venezia.htm<\/a><br \/>\n<a href=\"https:\/\/venipedia.it\/it\/campi\">https:\/\/venipedia.it\/it\/campi<\/a><br \/>\n<a href=\"https:\/\/it.wikipedia.org\/wiki\/Campo_(Venezia)\">https:\/\/it.wikipedia.org\/wiki\/Campo_(Venezia)<\/a><br \/>\n<a href=\"https:\/\/it.wikipedia.org\/wiki\/Campiello\">https:\/\/it.wikipedia.org\/wiki\/Campiello<\/a><br \/>\n<a href=\"https:\/\/it.wikipedia.org\/wiki\/Corte_(Venezia)\">https:\/\/it.wikipedia.org\/wiki\/Corte_(Venezia)<\/a><\/p>\n","protected":false},"excerpt":{"rendered":"<p>Se a Venezia non ci sono strade ma calli (a parte poche eccezioni, come abbiamo imparato leggendo questo articolo), lo stesso discorso vale per le piazze: se sentite parlare di \u201cpiazza\u201d, non potrete che riferirvi a Piazza San Marco, l\u2019unica e sola Piazza di Venezia. Tutte le altre zone della viabilit\u00e0 che nel resto del &#8230;<a class=\"r_more_blog\" href=\"https:\/\/plumplumcreations.com\/it\/2018\/08\/toponomastica-veneziana-campi-campielli-corti\/#more-5199\"><i class=\"fa fa-sign-in\"><\/i> read more<\/a><\/p>\n","protected":false},"author":3,"featured_media":5194,"comment_status":"closed","ping_status":"closed","sticky":false,"template":"","format":"standard","meta":{"footnotes":""},"categories":[179],"tags":[704,702,705,701,703,700,599],"class_list":["post-5199","post","type-post","status-publish","format-standard","has-post-thumbnail","hentry","category-venezia","tag-campiello-it","tag-campo-it","tag-corte-it","tag-storia-di-venezia-it","tag-toponomastica","tag-tradizione-it","tag-venezia-it"],"yoast_head":"<!-- This site is optimized with the Yoast SEO plugin v27.2 - https:\/\/yoast.com\/product\/yoast-seo-wordpress\/ -->\n<title>Toponomastica veneziana: Campi, Campielli, Corti - Plum Plum Creations<\/title>\n<meta name=\"description\" content=\"%\" \/>\n<meta name=\"robots\" content=\"index, follow, max-snippet:-1, max-image-preview:large, max-video-preview:-1\" \/>\n<link rel=\"canonical\" href=\"https:\/\/plumplumcreations.com\/it\/2018\/08\/toponomastica-veneziana-campi-campielli-corti\/\" \/>\n<meta property=\"og:locale\" content=\"it_IT\" \/>\n<meta property=\"og:type\" content=\"article\" \/>\n<meta property=\"og:title\" content=\"Toponomastica veneziana: Campi, Campielli, Corti - Plum Plum Creations\" \/>\n<meta property=\"og:description\" content=\"%\" \/>\n<meta property=\"og:url\" content=\"https:\/\/plumplumcreations.com\/it\/2018\/08\/toponomastica-veneziana-campi-campielli-corti\/\" \/>\n<meta property=\"og:site_name\" content=\"Plum Plum Creations\" \/>\n<meta property=\"article:publisher\" content=\"https:\/\/www.facebook.com\/plumplumcreations\/\" \/>\n<meta property=\"article:author\" content=\"http:\/\/www.facebook.com\/plumplumcreations\" \/>\n<meta property=\"article:published_time\" content=\"2018-08-29T13:41:12+00:00\" \/>\n<meta property=\"article:modified_time\" content=\"2018-08-29T13:47:58+00:00\" \/>\n<meta property=\"og:image\" content=\"https:\/\/plumplumcreations.com\/wp-content\/uploads\/2018\/08\/campo_cover.jpg\" \/>\n\t<meta property=\"og:image:width\" content=\"1000\" \/>\n\t<meta property=\"og:image:height\" content=\"750\" \/>\n\t<meta property=\"og:image:type\" content=\"image\/jpeg\" \/>\n<meta name=\"author\" content=\"Arianna\" \/>\n<meta name=\"twitter:card\" content=\"summary_large_image\" \/>\n<meta name=\"twitter:creator\" content=\"@Plum2Creations\" \/>\n<meta name=\"twitter:site\" content=\"@Plum2Creations\" \/>\n<meta name=\"twitter:label1\" content=\"Scritto da\" \/>\n\t<meta name=\"twitter:data1\" content=\"Arianna\" \/>\n\t<meta name=\"twitter:label2\" content=\"Tempo di lettura stimato\" \/>\n\t<meta name=\"twitter:data2\" content=\"3 minuti\" \/>\n<script type=\"application\/ld+json\" class=\"yoast-schema-graph\">{\"@context\":\"https:\/\/schema.org\",\"@graph\":[{\"@type\":\"Article\",\"@id\":\"https:\/\/plumplumcreations.com\/it\/2018\/08\/toponomastica-veneziana-campi-campielli-corti\/#article\",\"isPartOf\":{\"@id\":\"https:\/\/plumplumcreations.com\/it\/2018\/08\/toponomastica-veneziana-campi-campielli-corti\/\"},\"author\":{\"name\":\"Arianna\",\"@id\":\"https:\/\/plumplumcreations.com\/it\/#\/schema\/person\/3397ab6b08ad3932aa10f504cb0aea80\"},\"headline\":\"Toponomastica veneziana: Campi, Campielli, Corti\",\"datePublished\":\"2018-08-29T13:41:12+00:00\",\"dateModified\":\"2018-08-29T13:47:58+00:00\",\"mainEntityOfPage\":{\"@id\":\"https:\/\/plumplumcreations.com\/it\/2018\/08\/toponomastica-veneziana-campi-campielli-corti\/\"},\"wordCount\":696,\"publisher\":{\"@id\":\"https:\/\/plumplumcreations.com\/it\/#organization\"},\"image\":{\"@id\":\"https:\/\/plumplumcreations.com\/it\/2018\/08\/toponomastica-veneziana-campi-campielli-corti\/#primaryimage\"},\"thumbnailUrl\":\"https:\/\/plumplumcreations.com\/wp-content\/uploads\/2018\/08\/campo_cover.jpg\",\"keywords\":[\"Campiello\",\"Campo\",\"Corte\",\"storia di Venezia\",\"toponomastica\",\"tradizione\",\"Venezia\"],\"articleSection\":[\"Venezia\"],\"inLanguage\":\"it-IT\"},{\"@type\":\"WebPage\",\"@id\":\"https:\/\/plumplumcreations.com\/it\/2018\/08\/toponomastica-veneziana-campi-campielli-corti\/\",\"url\":\"https:\/\/plumplumcreations.com\/it\/2018\/08\/toponomastica-veneziana-campi-campielli-corti\/\",\"name\":\"Toponomastica veneziana: Campi, Campielli, Corti - Plum Plum Creations\",\"isPartOf\":{\"@id\":\"https:\/\/plumplumcreations.com\/it\/#website\"},\"primaryImageOfPage\":{\"@id\":\"https:\/\/plumplumcreations.com\/it\/2018\/08\/toponomastica-veneziana-campi-campielli-corti\/#primaryimage\"},\"image\":{\"@id\":\"https:\/\/plumplumcreations.com\/it\/2018\/08\/toponomastica-veneziana-campi-campielli-corti\/#primaryimage\"},\"thumbnailUrl\":\"https:\/\/plumplumcreations.com\/wp-content\/uploads\/2018\/08\/campo_cover.jpg\",\"datePublished\":\"2018-08-29T13:41:12+00:00\",\"dateModified\":\"2018-08-29T13:47:58+00:00\",\"description\":\"%\",\"breadcrumb\":{\"@id\":\"https:\/\/plumplumcreations.com\/it\/2018\/08\/toponomastica-veneziana-campi-campielli-corti\/#breadcrumb\"},\"inLanguage\":\"it-IT\",\"potentialAction\":[{\"@type\":\"ReadAction\",\"target\":[\"https:\/\/plumplumcreations.com\/it\/2018\/08\/toponomastica-veneziana-campi-campielli-corti\/\"]}]},{\"@type\":\"ImageObject\",\"inLanguage\":\"it-IT\",\"@id\":\"https:\/\/plumplumcreations.com\/it\/2018\/08\/toponomastica-veneziana-campi-campielli-corti\/#primaryimage\",\"url\":\"https:\/\/plumplumcreations.com\/wp-content\/uploads\/2018\/08\/campo_cover.jpg\",\"contentUrl\":\"https:\/\/plumplumcreations.com\/wp-content\/uploads\/2018\/08\/campo_cover.jpg\",\"width\":1000,\"height\":750},{\"@type\":\"BreadcrumbList\",\"@id\":\"https:\/\/plumplumcreations.com\/it\/2018\/08\/toponomastica-veneziana-campi-campielli-corti\/#breadcrumb\",\"itemListElement\":[{\"@type\":\"ListItem\",\"position\":1,\"name\":\"Home\",\"item\":\"https:\/\/plumplumcreations.com\/it\/\"},{\"@type\":\"ListItem\",\"position\":2,\"name\":\"Toponomastica veneziana: Campi, Campielli, Corti\"}]},{\"@type\":\"WebSite\",\"@id\":\"https:\/\/plumplumcreations.com\/it\/#website\",\"url\":\"https:\/\/plumplumcreations.com\/it\/\",\"name\":\"Plum Plum Creations\",\"description\":\"Art for Crafts'sake\",\"publisher\":{\"@id\":\"https:\/\/plumplumcreations.com\/it\/#organization\"},\"potentialAction\":[{\"@type\":\"SearchAction\",\"target\":{\"@type\":\"EntryPoint\",\"urlTemplate\":\"https:\/\/plumplumcreations.com\/it\/?s={search_term_string}\"},\"query-input\":{\"@type\":\"PropertyValueSpecification\",\"valueRequired\":true,\"valueName\":\"search_term_string\"}}],\"inLanguage\":\"it-IT\"},{\"@type\":\"Organization\",\"@id\":\"https:\/\/plumplumcreations.com\/it\/#organization\",\"name\":\"Plum Plum Creations di Arianna Sautariello\",\"url\":\"https:\/\/plumplumcreations.com\/it\/\",\"logo\":{\"@type\":\"ImageObject\",\"inLanguage\":\"it-IT\",\"@id\":\"https:\/\/plumplumcreations.com\/it\/#\/schema\/logo\/image\/\",\"url\":\"https:\/\/plumplumcreations.com\/wp-content\/uploads\/2017\/05\/logo-1.png\",\"contentUrl\":\"https:\/\/plumplumcreations.com\/wp-content\/uploads\/2017\/05\/logo-1.png\",\"width\":190,\"height\":57,\"caption\":\"Plum Plum Creations di Arianna Sautariello\"},\"image\":{\"@id\":\"https:\/\/plumplumcreations.com\/it\/#\/schema\/logo\/image\/\"},\"sameAs\":[\"https:\/\/www.facebook.com\/plumplumcreations\/\",\"https:\/\/x.com\/Plum2Creations\",\"http:\/\/instagram.com\/plumplumcreations\",\"http:\/\/pinterest.com\/ariautas\",\"https:\/\/www.youtube.com\/channel\/UCVw_esEH4FG7Pd2CNkOViig\"]},{\"@type\":\"Person\",\"@id\":\"https:\/\/plumplumcreations.com\/it\/#\/schema\/person\/3397ab6b08ad3932aa10f504cb0aea80\",\"name\":\"Arianna\",\"sameAs\":[\"http:\/\/plumplumcreations.com\/about-me\/\",\"http:\/\/www.facebook.com\/plumplumcreations\",\"https:\/\/x.com\/Plum2Creations\"]}]}<\/script>\n<!-- \/ Yoast SEO plugin. -->","yoast_head_json":{"title":"Toponomastica veneziana: Campi, Campielli, Corti - Plum Plum Creations","description":"%","robots":{"index":"index","follow":"follow","max-snippet":"max-snippet:-1","max-image-preview":"max-image-preview:large","max-video-preview":"max-video-preview:-1"},"canonical":"https:\/\/plumplumcreations.com\/it\/2018\/08\/toponomastica-veneziana-campi-campielli-corti\/","og_locale":"it_IT","og_type":"article","og_title":"Toponomastica veneziana: Campi, Campielli, Corti - Plum Plum Creations","og_description":"%","og_url":"https:\/\/plumplumcreations.com\/it\/2018\/08\/toponomastica-veneziana-campi-campielli-corti\/","og_site_name":"Plum Plum Creations","article_publisher":"https:\/\/www.facebook.com\/plumplumcreations\/","article_author":"http:\/\/www.facebook.com\/plumplumcreations","article_published_time":"2018-08-29T13:41:12+00:00","article_modified_time":"2018-08-29T13:47:58+00:00","og_image":[{"width":1000,"height":750,"url":"https:\/\/plumplumcreations.com\/wp-content\/uploads\/2018\/08\/campo_cover.jpg","type":"image\/jpeg"}],"author":"Arianna","twitter_card":"summary_large_image","twitter_creator":"@Plum2Creations","twitter_site":"@Plum2Creations","twitter_misc":{"Scritto da":"Arianna","Tempo di lettura stimato":"3 minuti"},"schema":{"@context":"https:\/\/schema.org","@graph":[{"@type":"Article","@id":"https:\/\/plumplumcreations.com\/it\/2018\/08\/toponomastica-veneziana-campi-campielli-corti\/#article","isPartOf":{"@id":"https:\/\/plumplumcreations.com\/it\/2018\/08\/toponomastica-veneziana-campi-campielli-corti\/"},"author":{"name":"Arianna","@id":"https:\/\/plumplumcreations.com\/it\/#\/schema\/person\/3397ab6b08ad3932aa10f504cb0aea80"},"headline":"Toponomastica veneziana: Campi, Campielli, Corti","datePublished":"2018-08-29T13:41:12+00:00","dateModified":"2018-08-29T13:47:58+00:00","mainEntityOfPage":{"@id":"https:\/\/plumplumcreations.com\/it\/2018\/08\/toponomastica-veneziana-campi-campielli-corti\/"},"wordCount":696,"publisher":{"@id":"https:\/\/plumplumcreations.com\/it\/#organization"},"image":{"@id":"https:\/\/plumplumcreations.com\/it\/2018\/08\/toponomastica-veneziana-campi-campielli-corti\/#primaryimage"},"thumbnailUrl":"https:\/\/plumplumcreations.com\/wp-content\/uploads\/2018\/08\/campo_cover.jpg","keywords":["Campiello","Campo","Corte","storia di Venezia","toponomastica","tradizione","Venezia"],"articleSection":["Venezia"],"inLanguage":"it-IT"},{"@type":"WebPage","@id":"https:\/\/plumplumcreations.com\/it\/2018\/08\/toponomastica-veneziana-campi-campielli-corti\/","url":"https:\/\/plumplumcreations.com\/it\/2018\/08\/toponomastica-veneziana-campi-campielli-corti\/","name":"Toponomastica veneziana: Campi, Campielli, Corti - Plum Plum Creations","isPartOf":{"@id":"https:\/\/plumplumcreations.com\/it\/#website"},"primaryImageOfPage":{"@id":"https:\/\/plumplumcreations.com\/it\/2018\/08\/toponomastica-veneziana-campi-campielli-corti\/#primaryimage"},"image":{"@id":"https:\/\/plumplumcreations.com\/it\/2018\/08\/toponomastica-veneziana-campi-campielli-corti\/#primaryimage"},"thumbnailUrl":"https:\/\/plumplumcreations.com\/wp-content\/uploads\/2018\/08\/campo_cover.jpg","datePublished":"2018-08-29T13:41:12+00:00","dateModified":"2018-08-29T13:47:58+00:00","description":"%","breadcrumb":{"@id":"https:\/\/plumplumcreations.com\/it\/2018\/08\/toponomastica-veneziana-campi-campielli-corti\/#breadcrumb"},"inLanguage":"it-IT","potentialAction":[{"@type":"ReadAction","target":["https:\/\/plumplumcreations.com\/it\/2018\/08\/toponomastica-veneziana-campi-campielli-corti\/"]}]},{"@type":"ImageObject","inLanguage":"it-IT","@id":"https:\/\/plumplumcreations.com\/it\/2018\/08\/toponomastica-veneziana-campi-campielli-corti\/#primaryimage","url":"https:\/\/plumplumcreations.com\/wp-content\/uploads\/2018\/08\/campo_cover.jpg","contentUrl":"https:\/\/plumplumcreations.com\/wp-content\/uploads\/2018\/08\/campo_cover.jpg","width":1000,"height":750},{"@type":"BreadcrumbList","@id":"https:\/\/plumplumcreations.com\/it\/2018\/08\/toponomastica-veneziana-campi-campielli-corti\/#breadcrumb","itemListElement":[{"@type":"ListItem","position":1,"name":"Home","item":"https:\/\/plumplumcreations.com\/it\/"},{"@type":"ListItem","position":2,"name":"Toponomastica veneziana: Campi, Campielli, Corti"}]},{"@type":"WebSite","@id":"https:\/\/plumplumcreations.com\/it\/#website","url":"https:\/\/plumplumcreations.com\/it\/","name":"Plum Plum Creations","description":"Art for Crafts'sake","publisher":{"@id":"https:\/\/plumplumcreations.com\/it\/#organization"},"potentialAction":[{"@type":"SearchAction","target":{"@type":"EntryPoint","urlTemplate":"https:\/\/plumplumcreations.com\/it\/?s={search_term_string}"},"query-input":{"@type":"PropertyValueSpecification","valueRequired":true,"valueName":"search_term_string"}}],"inLanguage":"it-IT"},{"@type":"Organization","@id":"https:\/\/plumplumcreations.com\/it\/#organization","name":"Plum Plum Creations di Arianna Sautariello","url":"https:\/\/plumplumcreations.com\/it\/","logo":{"@type":"ImageObject","inLanguage":"it-IT","@id":"https:\/\/plumplumcreations.com\/it\/#\/schema\/logo\/image\/","url":"https:\/\/plumplumcreations.com\/wp-content\/uploads\/2017\/05\/logo-1.png","contentUrl":"https:\/\/plumplumcreations.com\/wp-content\/uploads\/2017\/05\/logo-1.png","width":190,"height":57,"caption":"Plum Plum Creations di Arianna Sautariello"},"image":{"@id":"https:\/\/plumplumcreations.com\/it\/#\/schema\/logo\/image\/"},"sameAs":["https:\/\/www.facebook.com\/plumplumcreations\/","https:\/\/x.com\/Plum2Creations","http:\/\/instagram.com\/plumplumcreations","http:\/\/pinterest.com\/ariautas","https:\/\/www.youtube.com\/channel\/UCVw_esEH4FG7Pd2CNkOViig"]},{"@type":"Person","@id":"https:\/\/plumplumcreations.com\/it\/#\/schema\/person\/3397ab6b08ad3932aa10f504cb0aea80","name":"Arianna","sameAs":["http:\/\/plumplumcreations.com\/about-me\/","http:\/\/www.facebook.com\/plumplumcreations","https:\/\/x.com\/Plum2Creations"]}]}},"_links":{"self":[{"href":"https:\/\/plumplumcreations.com\/it\/wp-json\/wp\/v2\/posts\/5199","targetHints":{"allow":["GET"]}}],"collection":[{"href":"https:\/\/plumplumcreations.com\/it\/wp-json\/wp\/v2\/posts"}],"about":[{"href":"https:\/\/plumplumcreations.com\/it\/wp-json\/wp\/v2\/types\/post"}],"author":[{"embeddable":true,"href":"https:\/\/plumplumcreations.com\/it\/wp-json\/wp\/v2\/users\/3"}],"replies":[{"embeddable":true,"href":"https:\/\/plumplumcreations.com\/it\/wp-json\/wp\/v2\/comments?post=5199"}],"version-history":[{"count":1,"href":"https:\/\/plumplumcreations.com\/it\/wp-json\/wp\/v2\/posts\/5199\/revisions"}],"predecessor-version":[{"id":5202,"href":"https:\/\/plumplumcreations.com\/it\/wp-json\/wp\/v2\/posts\/5199\/revisions\/5202"}],"wp:featuredmedia":[{"embeddable":true,"href":"https:\/\/plumplumcreations.com\/it\/wp-json\/wp\/v2\/media\/5194"}],"wp:attachment":[{"href":"https:\/\/plumplumcreations.com\/it\/wp-json\/wp\/v2\/media?parent=5199"}],"wp:term":[{"taxonomy":"category","embeddable":true,"href":"https:\/\/plumplumcreations.com\/it\/wp-json\/wp\/v2\/categories?post=5199"},{"taxonomy":"post_tag","embeddable":true,"href":"https:\/\/plumplumcreations.com\/it\/wp-json\/wp\/v2\/tags?post=5199"}],"curies":[{"name":"wp","href":"https:\/\/api.w.org\/{rel}","templated":true}]}}