{"id":6453,"date":"2019-03-24T20:43:03","date_gmt":"2019-03-24T19:43:03","guid":{"rendered":"https:\/\/plumplumcreations.com\/la-nascita-di-venezia\/"},"modified":"2019-03-24T20:43:03","modified_gmt":"2019-03-24T19:43:03","slug":"la-nascita-di-venezia","status":"publish","type":"post","link":"https:\/\/plumplumcreations.com\/it\/2019\/03\/la-nascita-di-venezia\/","title":{"rendered":"La nascita di Venezia"},"content":{"rendered":"<p>Il <strong>25 marzo<\/strong> Venezia festeggia il suo <strong>compleanno<\/strong>.<\/p>\n<p>Secondo Martino Da Canal nella sua \u201cStoria di Venezia\u201d la data di nascita della citt\u00e0 sarebbe il <strong>25 marzo del 421<\/strong>. La data coincide con la consacrazione della chiesa di San Giacometto sulle rive dell\u2019attuale Canal Grande che segna il primo insediamento a Venezia sulla <strong>Riva Alta (Rialto)<\/strong> secondo il Chronicon Altinate del XI secolo.<\/p>\n<p>Nella realt\u00e0 la citt\u00e0 pi\u00f9 bella del mondo una precisa data di nascita non ce l\u2019ha, ma \u00e8 frutto di continui spostamenti e cambiamenti.<\/p>\n<p>Tornando molto indietro nel tempo non avremmo visto nessuna distesa di acqua incontaminata, come potremmo immaginare guardando la laguna, con le sue barene, i suoi isolotti e la sua pace.<\/p>\n<p><img decoding=\"async\" class=\"aligncenter wp-image-6446 size-full\" src=\"https:\/\/plumplumcreations.com\/wp-content\/uploads\/2019\/03\/barena.jpg\" alt=\"\" width=\"1100\" height=\"711\" srcset=\"https:\/\/plumplumcreations.com\/wp-content\/uploads\/2019\/03\/barena.jpg 1100w, https:\/\/plumplumcreations.com\/wp-content\/uploads\/2019\/03\/barena-300x194.jpg 300w, https:\/\/plumplumcreations.com\/wp-content\/uploads\/2019\/03\/barena-768x496.jpg 768w, https:\/\/plumplumcreations.com\/wp-content\/uploads\/2019\/03\/barena-1024x662.jpg 1024w, https:\/\/plumplumcreations.com\/wp-content\/uploads\/2019\/03\/barena-800x517.jpg 800w, https:\/\/plumplumcreations.com\/wp-content\/uploads\/2019\/03\/barena-550x356.jpg 550w, https:\/\/plumplumcreations.com\/wp-content\/uploads\/2019\/03\/barena-200x129.jpg 200w, https:\/\/plumplumcreations.com\/wp-content\/uploads\/2019\/03\/barena-100x65.jpg 100w, https:\/\/plumplumcreations.com\/wp-content\/uploads\/2019\/03\/barena-50x32.jpg 50w, https:\/\/plumplumcreations.com\/wp-content\/uploads\/2019\/03\/barena-600x388.jpg 600w\" sizes=\"(max-width: 1100px) 100vw, 1100px\" \/><\/p>\n<p>Quello che avremmo potuto vedere era il predominio del continente nell\u2019eterna lotta tra terra e mare.<br \/>\nI fiumi alpini, sfociando nell\u2019odierna laguna, portavano continuamente detriti che creavano una distesa di terra ricoperta da <strong>boschi<\/strong>, intervallati da <strong>acquitrini d\u2019acqua dolce<\/strong> e qualche breve <strong>dosso<\/strong> (<em>dossum durum<\/em> che dar\u00e0 nome a Dorsoduro, uno dei sestieri di Venezia, e <em>dossum oliveti<\/em>, che dar\u00e0 nome a Olivolo, l\u2019odierno Castello, un altro sestiere di Venezia).<\/p>\n<p><img decoding=\"async\" class=\"aligncenter wp-image-6448 size-full\" src=\"https:\/\/plumplumcreations.com\/wp-content\/uploads\/2019\/03\/foresta.jpg\" alt=\"\" width=\"1100\" height=\"711\" srcset=\"https:\/\/plumplumcreations.com\/wp-content\/uploads\/2019\/03\/foresta.jpg 1100w, https:\/\/plumplumcreations.com\/wp-content\/uploads\/2019\/03\/foresta-300x194.jpg 300w, https:\/\/plumplumcreations.com\/wp-content\/uploads\/2019\/03\/foresta-768x496.jpg 768w, https:\/\/plumplumcreations.com\/wp-content\/uploads\/2019\/03\/foresta-1024x662.jpg 1024w, https:\/\/plumplumcreations.com\/wp-content\/uploads\/2019\/03\/foresta-800x517.jpg 800w, https:\/\/plumplumcreations.com\/wp-content\/uploads\/2019\/03\/foresta-550x356.jpg 550w, https:\/\/plumplumcreations.com\/wp-content\/uploads\/2019\/03\/foresta-200x129.jpg 200w, https:\/\/plumplumcreations.com\/wp-content\/uploads\/2019\/03\/foresta-100x65.jpg 100w, https:\/\/plumplumcreations.com\/wp-content\/uploads\/2019\/03\/foresta-50x32.jpg 50w, https:\/\/plumplumcreations.com\/wp-content\/uploads\/2019\/03\/foresta-600x388.jpg 600w\" sizes=\"(max-width: 1100px) 100vw, 1100px\" \/><br \/>\nUn fiumicello d\u2019acqua dolce, il rivus altus (Rialto) segnava l\u2019odierno andamento del Canal Grande, sulle cui rive fin dalla preistoria sorgevano insediamenti umani, come anche nel territorio di Torcello.<br \/>\n<strong>Nel bacino di San Marco sorgeva invece una salina<\/strong>, con il pavimento in laterizi romani posto pi\u00f9 di 3 metri sotto l\u2019attuale livello della comune marea.<\/p>\n<p>Secondo <strong>Tito Livio<\/strong> i fuggiaschi della <strong>guerra di Troia<\/strong> giunsero in cerca di rifugio sulla costa veneta ed Enea fond\u00f2 Venezia nel 1107 a.C. Anche <strong>Martino da Canal<\/strong> descrive come i troiani fossero approdati nella zona di Olivolo e posto li il loro primo insediamento.<\/p>\n<p>Uno dei primi centri costruiti era un porto chiamato <strong>Metamauco<\/strong> e risale all\u2019epoca romana. Sorgeva in prossimit\u00e0 dell\u2019odierna <strong>Malamocco<\/strong>, nel Lido di Venezia, e si trovava alla foce del fiume <em>Medoacus Maior<\/em>, l\u2019attuale fiume<strong> Brenta<\/strong>.<\/p>\n<p>La leggenda narra che fosse collocata in posizione pi\u00f9 esterna verso il mare rispetto la Malamocco moderna. Un evento climatico catastrofico la fece sprofondare sotto il mare e si dice che, nei giorni di bel tempo si possano ancora vedere le sue mura sommerse e che le reti dei pescatori a volte restino imprigionate nella punta del campanile.<\/p>\n<p><img decoding=\"async\" class=\"size-full wp-image-6450 aligncenter\" src=\"https:\/\/plumplumcreations.com\/wp-content\/uploads\/2019\/03\/isole.jpg\" alt=\"\" width=\"1100\" height=\"711\" srcset=\"https:\/\/plumplumcreations.com\/wp-content\/uploads\/2019\/03\/isole.jpg 1100w, https:\/\/plumplumcreations.com\/wp-content\/uploads\/2019\/03\/isole-300x194.jpg 300w, https:\/\/plumplumcreations.com\/wp-content\/uploads\/2019\/03\/isole-768x496.jpg 768w, https:\/\/plumplumcreations.com\/wp-content\/uploads\/2019\/03\/isole-1024x662.jpg 1024w, https:\/\/plumplumcreations.com\/wp-content\/uploads\/2019\/03\/isole-800x517.jpg 800w, https:\/\/plumplumcreations.com\/wp-content\/uploads\/2019\/03\/isole-550x356.jpg 550w, https:\/\/plumplumcreations.com\/wp-content\/uploads\/2019\/03\/isole-200x129.jpg 200w, https:\/\/plumplumcreations.com\/wp-content\/uploads\/2019\/03\/isole-100x65.jpg 100w, https:\/\/plumplumcreations.com\/wp-content\/uploads\/2019\/03\/isole-50x32.jpg 50w, https:\/\/plumplumcreations.com\/wp-content\/uploads\/2019\/03\/isole-600x388.jpg 600w\" sizes=\"(max-width: 1100px) 100vw, 1100px\" \/><\/p>\n<p>Durante gli ultimi due millenni l\u2019attivit\u00e0 di maree, venti, correnti litoranee e il progressivo innalzamento del livello del mare portarono ad una <strong>graduale trasformazione da continente a laguna<\/strong>, accentuato dalla deviazione dei fiumi da parte dell\u2019uomo, portati a sfociare in altri punti della costa.<\/p>\n<p>Venezia comincia a vedere la sua popolazione crescere in seguito alle <strong>invasioni barbariche<\/strong> che si susseguono dal V secolo. I fuggiaschi trovavano nella citt\u00e0 lagunare protezione fornita dall\u2019Impero Bizantino, presente nel territorio in diverse forme amministrative.<\/p>\n<p>Il crescente sviluppo economico e la lontananza dalla capitale Costantinopoli furono le circostanze che permisero di raggiungere l\u2019autonomia amministrativa che ha portato alla nascita della Repubblica di Venezia, la Serenissima.<br \/>\nIn breve tempo Venezia conquista l\u2019egemonia politica e militare nel Mare Adriatico e in tutto il Mediterraneo, diventando il principale porto marittimo e centro di scambi.<\/p>\n<p>Subito dopo la Serenissima raggiunger\u00e0 il suo massimo splendore.<\/p>\n<blockquote><p><em>\u201cE pur se queste lagune si colmano via via, e dalle paludi salgono perfidi miasmi, se il commercio langue e la potenza della Repubblica declina, nondimeno la sua struttura grandiosa e il suo carattere non cesseranno un istante di apparire all\u2019osservatore degni di venerazione.\u201d<\/em><br \/>\n<em>&#8211; Johann Wolfgang Goethe<\/em><\/p><\/blockquote>\n<p><strong>Fonti<\/strong><br \/>\nhttps:\/\/it.wikipedia.org\/wiki\/Storia_di_Venezia<br \/>\nhttp:\/\/www.viagginellastoria.it\/archeoletture\/luoghi\/1940venezia.htm<br \/>\nhttps:\/\/evenice.it\/blog\/info\/compleanno-di-venezia.html<br \/>\nhttps:\/\/it.wikipedia.org\/wiki\/Martino_Canal<br \/>\nhttps:\/\/it.wikipedia.org\/wiki\/Storia_della_Repubblica_di_Venezia<br \/>\nhttps:\/\/it.wikipedia.org\/wiki\/Repubblica_di_Venezia<\/p>\n","protected":false},"excerpt":{"rendered":"<p>Il 25 marzo Venezia festeggia il suo compleanno. Secondo Martino Da Canal nella sua \u201cStoria di Venezia\u201d la data di nascita della citt\u00e0 sarebbe il 25 marzo del 421. La data coincide con la consacrazione della chiesa di San Giacometto sulle rive dell\u2019attuale Canal Grande che segna il primo insediamento a Venezia sulla Riva Alta &#8230;<a class=\"r_more_blog\" href=\"https:\/\/plumplumcreations.com\/it\/2019\/03\/la-nascita-di-venezia\/#more-6453\"><i class=\"fa fa-sign-in\"><\/i> read more<\/a><\/p>\n","protected":false},"author":3,"featured_media":6445,"comment_status":"closed","ping_status":"closed","sticky":false,"template":"","format":"standard","meta":{"footnotes":""},"categories":[179],"tags":[734,733,701],"class_list":["post-6453","post","type-post","status-publish","format-standard","has-post-thumbnail","hentry","category-venezia","tag-repubblica-di-venezia-it","tag-rradizioni-veneziane","tag-storia-di-venezia-it"],"yoast_head":"<!-- This site is optimized with the Yoast SEO plugin v27.2 - https:\/\/yoast.com\/product\/yoast-seo-wordpress\/ -->\n<title>La nascita di Venezia - Plum Plum Creations<\/title>\n<meta name=\"description\" content=\"Il 25 marzo Venezia festeggia il suo compleanno.Secondo Martino Da Canal nella sua \u201cStoria di Venezia\u201d la data di nascita della citt\u00e0 sarebbe il 25 marzo del 421\" \/>\n<meta name=\"robots\" content=\"index, follow, max-snippet:-1, max-image-preview:large, max-video-preview:-1\" \/>\n<link rel=\"canonical\" href=\"https:\/\/plumplumcreations.com\/it\/2019\/03\/la-nascita-di-venezia\/\" \/>\n<meta property=\"og:locale\" content=\"it_IT\" \/>\n<meta property=\"og:type\" content=\"article\" \/>\n<meta property=\"og:title\" content=\"La nascita di Venezia - Plum Plum Creations\" \/>\n<meta property=\"og:description\" content=\"Il 25 marzo Venezia festeggia il suo compleanno.Secondo Martino Da Canal nella sua \u201cStoria di Venezia\u201d la data di nascita della citt\u00e0 sarebbe il 25 marzo del 421\" \/>\n<meta property=\"og:url\" content=\"https:\/\/plumplumcreations.com\/it\/2019\/03\/la-nascita-di-venezia\/\" \/>\n<meta property=\"og:site_name\" content=\"Plum Plum Creations\" \/>\n<meta property=\"article:publisher\" content=\"https:\/\/www.facebook.com\/plumplumcreations\/\" \/>\n<meta property=\"article:author\" content=\"http:\/\/www.facebook.com\/plumplumcreations\" \/>\n<meta property=\"article:published_time\" content=\"2019-03-24T19:43:03+00:00\" \/>\n<meta property=\"og:image\" content=\"https:\/\/plumplumcreations.com\/wp-content\/uploads\/2019\/03\/canaletto.jpg\" \/>\n\t<meta property=\"og:image:width\" content=\"1000\" \/>\n\t<meta property=\"og:image:height\" content=\"750\" \/>\n\t<meta property=\"og:image:type\" content=\"image\/jpeg\" \/>\n<meta name=\"author\" content=\"Arianna\" \/>\n<meta name=\"twitter:card\" content=\"summary_large_image\" \/>\n<meta name=\"twitter:creator\" content=\"@Plum2Creations\" \/>\n<meta name=\"twitter:site\" content=\"@Plum2Creations\" \/>\n<meta name=\"twitter:label1\" content=\"Scritto da\" \/>\n\t<meta name=\"twitter:data1\" content=\"Arianna\" \/>\n\t<meta name=\"twitter:label2\" content=\"Tempo di lettura stimato\" \/>\n\t<meta name=\"twitter:data2\" content=\"3 minuti\" \/>\n<script type=\"application\/ld+json\" class=\"yoast-schema-graph\">{\"@context\":\"https:\/\/schema.org\",\"@graph\":[{\"@type\":\"Article\",\"@id\":\"https:\/\/plumplumcreations.com\/it\/2019\/03\/la-nascita-di-venezia\/#article\",\"isPartOf\":{\"@id\":\"https:\/\/plumplumcreations.com\/it\/2019\/03\/la-nascita-di-venezia\/\"},\"author\":{\"name\":\"Arianna\",\"@id\":\"https:\/\/plumplumcreations.com\/it\/#\/schema\/person\/3397ab6b08ad3932aa10f504cb0aea80\"},\"headline\":\"La nascita di Venezia\",\"datePublished\":\"2019-03-24T19:43:03+00:00\",\"mainEntityOfPage\":{\"@id\":\"https:\/\/plumplumcreations.com\/it\/2019\/03\/la-nascita-di-venezia\/\"},\"wordCount\":639,\"publisher\":{\"@id\":\"https:\/\/plumplumcreations.com\/it\/#organization\"},\"image\":{\"@id\":\"https:\/\/plumplumcreations.com\/it\/2019\/03\/la-nascita-di-venezia\/#primaryimage\"},\"thumbnailUrl\":\"https:\/\/plumplumcreations.com\/wp-content\/uploads\/2019\/03\/canaletto.jpg\",\"keywords\":[\"repubblica di Venezia\",\"rradizioni veneziane\",\"storia di Venezia\"],\"articleSection\":[\"Venezia\"],\"inLanguage\":\"it-IT\"},{\"@type\":\"WebPage\",\"@id\":\"https:\/\/plumplumcreations.com\/it\/2019\/03\/la-nascita-di-venezia\/\",\"url\":\"https:\/\/plumplumcreations.com\/it\/2019\/03\/la-nascita-di-venezia\/\",\"name\":\"La nascita di Venezia - Plum Plum Creations\",\"isPartOf\":{\"@id\":\"https:\/\/plumplumcreations.com\/it\/#website\"},\"primaryImageOfPage\":{\"@id\":\"https:\/\/plumplumcreations.com\/it\/2019\/03\/la-nascita-di-venezia\/#primaryimage\"},\"image\":{\"@id\":\"https:\/\/plumplumcreations.com\/it\/2019\/03\/la-nascita-di-venezia\/#primaryimage\"},\"thumbnailUrl\":\"https:\/\/plumplumcreations.com\/wp-content\/uploads\/2019\/03\/canaletto.jpg\",\"datePublished\":\"2019-03-24T19:43:03+00:00\",\"description\":\"Il 25 marzo Venezia festeggia il suo compleanno.Secondo Martino Da Canal nella sua \u201cStoria di Venezia\u201d la data di nascita della citt\u00e0 sarebbe il 25 marzo del 421\",\"breadcrumb\":{\"@id\":\"https:\/\/plumplumcreations.com\/it\/2019\/03\/la-nascita-di-venezia\/#breadcrumb\"},\"inLanguage\":\"it-IT\",\"potentialAction\":[{\"@type\":\"ReadAction\",\"target\":[\"https:\/\/plumplumcreations.com\/it\/2019\/03\/la-nascita-di-venezia\/\"]}]},{\"@type\":\"ImageObject\",\"inLanguage\":\"it-IT\",\"@id\":\"https:\/\/plumplumcreations.com\/it\/2019\/03\/la-nascita-di-venezia\/#primaryimage\",\"url\":\"https:\/\/plumplumcreations.com\/wp-content\/uploads\/2019\/03\/canaletto.jpg\",\"contentUrl\":\"https:\/\/plumplumcreations.com\/wp-content\/uploads\/2019\/03\/canaletto.jpg\",\"width\":1000,\"height\":750},{\"@type\":\"BreadcrumbList\",\"@id\":\"https:\/\/plumplumcreations.com\/it\/2019\/03\/la-nascita-di-venezia\/#breadcrumb\",\"itemListElement\":[{\"@type\":\"ListItem\",\"position\":1,\"name\":\"Home\",\"item\":\"https:\/\/plumplumcreations.com\/it\/\"},{\"@type\":\"ListItem\",\"position\":2,\"name\":\"La nascita di Venezia\"}]},{\"@type\":\"WebSite\",\"@id\":\"https:\/\/plumplumcreations.com\/it\/#website\",\"url\":\"https:\/\/plumplumcreations.com\/it\/\",\"name\":\"Plum Plum Creations\",\"description\":\"Art for Crafts'sake\",\"publisher\":{\"@id\":\"https:\/\/plumplumcreations.com\/it\/#organization\"},\"potentialAction\":[{\"@type\":\"SearchAction\",\"target\":{\"@type\":\"EntryPoint\",\"urlTemplate\":\"https:\/\/plumplumcreations.com\/it\/?s={search_term_string}\"},\"query-input\":{\"@type\":\"PropertyValueSpecification\",\"valueRequired\":true,\"valueName\":\"search_term_string\"}}],\"inLanguage\":\"it-IT\"},{\"@type\":\"Organization\",\"@id\":\"https:\/\/plumplumcreations.com\/it\/#organization\",\"name\":\"Plum Plum Creations di Arianna Sautariello\",\"url\":\"https:\/\/plumplumcreations.com\/it\/\",\"logo\":{\"@type\":\"ImageObject\",\"inLanguage\":\"it-IT\",\"@id\":\"https:\/\/plumplumcreations.com\/it\/#\/schema\/logo\/image\/\",\"url\":\"https:\/\/plumplumcreations.com\/wp-content\/uploads\/2017\/05\/logo-1.png\",\"contentUrl\":\"https:\/\/plumplumcreations.com\/wp-content\/uploads\/2017\/05\/logo-1.png\",\"width\":190,\"height\":57,\"caption\":\"Plum Plum Creations di Arianna Sautariello\"},\"image\":{\"@id\":\"https:\/\/plumplumcreations.com\/it\/#\/schema\/logo\/image\/\"},\"sameAs\":[\"https:\/\/www.facebook.com\/plumplumcreations\/\",\"https:\/\/x.com\/Plum2Creations\",\"http:\/\/instagram.com\/plumplumcreations\",\"http:\/\/pinterest.com\/ariautas\",\"https:\/\/www.youtube.com\/channel\/UCVw_esEH4FG7Pd2CNkOViig\"]},{\"@type\":\"Person\",\"@id\":\"https:\/\/plumplumcreations.com\/it\/#\/schema\/person\/3397ab6b08ad3932aa10f504cb0aea80\",\"name\":\"Arianna\",\"sameAs\":[\"http:\/\/plumplumcreations.com\/about-me\/\",\"http:\/\/www.facebook.com\/plumplumcreations\",\"https:\/\/x.com\/Plum2Creations\"]}]}<\/script>\n<!-- \/ Yoast SEO plugin. -->","yoast_head_json":{"title":"La nascita di Venezia - Plum Plum Creations","description":"Il 25 marzo Venezia festeggia il suo compleanno.Secondo Martino Da Canal nella sua \u201cStoria di Venezia\u201d la data di nascita della citt\u00e0 sarebbe il 25 marzo del 421","robots":{"index":"index","follow":"follow","max-snippet":"max-snippet:-1","max-image-preview":"max-image-preview:large","max-video-preview":"max-video-preview:-1"},"canonical":"https:\/\/plumplumcreations.com\/it\/2019\/03\/la-nascita-di-venezia\/","og_locale":"it_IT","og_type":"article","og_title":"La nascita di Venezia - Plum Plum Creations","og_description":"Il 25 marzo Venezia festeggia il suo compleanno.Secondo Martino Da Canal nella sua \u201cStoria di Venezia\u201d la data di nascita della citt\u00e0 sarebbe il 25 marzo del 421","og_url":"https:\/\/plumplumcreations.com\/it\/2019\/03\/la-nascita-di-venezia\/","og_site_name":"Plum Plum Creations","article_publisher":"https:\/\/www.facebook.com\/plumplumcreations\/","article_author":"http:\/\/www.facebook.com\/plumplumcreations","article_published_time":"2019-03-24T19:43:03+00:00","og_image":[{"width":1000,"height":750,"url":"https:\/\/plumplumcreations.com\/wp-content\/uploads\/2019\/03\/canaletto.jpg","type":"image\/jpeg"}],"author":"Arianna","twitter_card":"summary_large_image","twitter_creator":"@Plum2Creations","twitter_site":"@Plum2Creations","twitter_misc":{"Scritto da":"Arianna","Tempo di lettura stimato":"3 minuti"},"schema":{"@context":"https:\/\/schema.org","@graph":[{"@type":"Article","@id":"https:\/\/plumplumcreations.com\/it\/2019\/03\/la-nascita-di-venezia\/#article","isPartOf":{"@id":"https:\/\/plumplumcreations.com\/it\/2019\/03\/la-nascita-di-venezia\/"},"author":{"name":"Arianna","@id":"https:\/\/plumplumcreations.com\/it\/#\/schema\/person\/3397ab6b08ad3932aa10f504cb0aea80"},"headline":"La nascita di Venezia","datePublished":"2019-03-24T19:43:03+00:00","mainEntityOfPage":{"@id":"https:\/\/plumplumcreations.com\/it\/2019\/03\/la-nascita-di-venezia\/"},"wordCount":639,"publisher":{"@id":"https:\/\/plumplumcreations.com\/it\/#organization"},"image":{"@id":"https:\/\/plumplumcreations.com\/it\/2019\/03\/la-nascita-di-venezia\/#primaryimage"},"thumbnailUrl":"https:\/\/plumplumcreations.com\/wp-content\/uploads\/2019\/03\/canaletto.jpg","keywords":["repubblica di Venezia","rradizioni veneziane","storia di Venezia"],"articleSection":["Venezia"],"inLanguage":"it-IT"},{"@type":"WebPage","@id":"https:\/\/plumplumcreations.com\/it\/2019\/03\/la-nascita-di-venezia\/","url":"https:\/\/plumplumcreations.com\/it\/2019\/03\/la-nascita-di-venezia\/","name":"La nascita di Venezia - Plum Plum Creations","isPartOf":{"@id":"https:\/\/plumplumcreations.com\/it\/#website"},"primaryImageOfPage":{"@id":"https:\/\/plumplumcreations.com\/it\/2019\/03\/la-nascita-di-venezia\/#primaryimage"},"image":{"@id":"https:\/\/plumplumcreations.com\/it\/2019\/03\/la-nascita-di-venezia\/#primaryimage"},"thumbnailUrl":"https:\/\/plumplumcreations.com\/wp-content\/uploads\/2019\/03\/canaletto.jpg","datePublished":"2019-03-24T19:43:03+00:00","description":"Il 25 marzo Venezia festeggia il suo compleanno.Secondo Martino Da Canal nella sua \u201cStoria di Venezia\u201d la data di nascita della citt\u00e0 sarebbe il 25 marzo del 421","breadcrumb":{"@id":"https:\/\/plumplumcreations.com\/it\/2019\/03\/la-nascita-di-venezia\/#breadcrumb"},"inLanguage":"it-IT","potentialAction":[{"@type":"ReadAction","target":["https:\/\/plumplumcreations.com\/it\/2019\/03\/la-nascita-di-venezia\/"]}]},{"@type":"ImageObject","inLanguage":"it-IT","@id":"https:\/\/plumplumcreations.com\/it\/2019\/03\/la-nascita-di-venezia\/#primaryimage","url":"https:\/\/plumplumcreations.com\/wp-content\/uploads\/2019\/03\/canaletto.jpg","contentUrl":"https:\/\/plumplumcreations.com\/wp-content\/uploads\/2019\/03\/canaletto.jpg","width":1000,"height":750},{"@type":"BreadcrumbList","@id":"https:\/\/plumplumcreations.com\/it\/2019\/03\/la-nascita-di-venezia\/#breadcrumb","itemListElement":[{"@type":"ListItem","position":1,"name":"Home","item":"https:\/\/plumplumcreations.com\/it\/"},{"@type":"ListItem","position":2,"name":"La nascita di Venezia"}]},{"@type":"WebSite","@id":"https:\/\/plumplumcreations.com\/it\/#website","url":"https:\/\/plumplumcreations.com\/it\/","name":"Plum Plum Creations","description":"Art for Crafts'sake","publisher":{"@id":"https:\/\/plumplumcreations.com\/it\/#organization"},"potentialAction":[{"@type":"SearchAction","target":{"@type":"EntryPoint","urlTemplate":"https:\/\/plumplumcreations.com\/it\/?s={search_term_string}"},"query-input":{"@type":"PropertyValueSpecification","valueRequired":true,"valueName":"search_term_string"}}],"inLanguage":"it-IT"},{"@type":"Organization","@id":"https:\/\/plumplumcreations.com\/it\/#organization","name":"Plum Plum Creations di Arianna Sautariello","url":"https:\/\/plumplumcreations.com\/it\/","logo":{"@type":"ImageObject","inLanguage":"it-IT","@id":"https:\/\/plumplumcreations.com\/it\/#\/schema\/logo\/image\/","url":"https:\/\/plumplumcreations.com\/wp-content\/uploads\/2017\/05\/logo-1.png","contentUrl":"https:\/\/plumplumcreations.com\/wp-content\/uploads\/2017\/05\/logo-1.png","width":190,"height":57,"caption":"Plum Plum Creations di Arianna Sautariello"},"image":{"@id":"https:\/\/plumplumcreations.com\/it\/#\/schema\/logo\/image\/"},"sameAs":["https:\/\/www.facebook.com\/plumplumcreations\/","https:\/\/x.com\/Plum2Creations","http:\/\/instagram.com\/plumplumcreations","http:\/\/pinterest.com\/ariautas","https:\/\/www.youtube.com\/channel\/UCVw_esEH4FG7Pd2CNkOViig"]},{"@type":"Person","@id":"https:\/\/plumplumcreations.com\/it\/#\/schema\/person\/3397ab6b08ad3932aa10f504cb0aea80","name":"Arianna","sameAs":["http:\/\/plumplumcreations.com\/about-me\/","http:\/\/www.facebook.com\/plumplumcreations","https:\/\/x.com\/Plum2Creations"]}]}},"_links":{"self":[{"href":"https:\/\/plumplumcreations.com\/it\/wp-json\/wp\/v2\/posts\/6453","targetHints":{"allow":["GET"]}}],"collection":[{"href":"https:\/\/plumplumcreations.com\/it\/wp-json\/wp\/v2\/posts"}],"about":[{"href":"https:\/\/plumplumcreations.com\/it\/wp-json\/wp\/v2\/types\/post"}],"author":[{"embeddable":true,"href":"https:\/\/plumplumcreations.com\/it\/wp-json\/wp\/v2\/users\/3"}],"replies":[{"embeddable":true,"href":"https:\/\/plumplumcreations.com\/it\/wp-json\/wp\/v2\/comments?post=6453"}],"version-history":[{"count":0,"href":"https:\/\/plumplumcreations.com\/it\/wp-json\/wp\/v2\/posts\/6453\/revisions"}],"wp:featuredmedia":[{"embeddable":true,"href":"https:\/\/plumplumcreations.com\/it\/wp-json\/wp\/v2\/media\/6445"}],"wp:attachment":[{"href":"https:\/\/plumplumcreations.com\/it\/wp-json\/wp\/v2\/media?parent=6453"}],"wp:term":[{"taxonomy":"category","embeddable":true,"href":"https:\/\/plumplumcreations.com\/it\/wp-json\/wp\/v2\/categories?post=6453"},{"taxonomy":"post_tag","embeddable":true,"href":"https:\/\/plumplumcreations.com\/it\/wp-json\/wp\/v2\/tags?post=6453"}],"curies":[{"name":"wp","href":"https:\/\/api.w.org\/{rel}","templated":true}]}}