{"id":6624,"date":"2019-04-24T11:27:05","date_gmt":"2019-04-24T09:27:05","guid":{"rendered":"https:\/\/plumplumcreations.com\/il-25-aprile-san-marco-e-il-bocolo\/"},"modified":"2019-04-24T11:29:17","modified_gmt":"2019-04-24T09:29:17","slug":"il-25-aprile-san-marco-e-il-bocolo","status":"publish","type":"post","link":"https:\/\/plumplumcreations.com\/it\/2019\/04\/il-25-aprile-san-marco-e-il-bocolo\/","title":{"rendered":"Il 25 Aprile: San Marco e il &#8220;bocolo&#8221;"},"content":{"rendered":"<div class=\"wpb-content-wrapper\"><p>[vc_row][vc_column][vc_column_text]Il 25 aprile \u00e8 una data particolare per la storia d\u2019Italia: \u00e8 infatti il giorno in cui si celebra la Liberazione dal nazifascismo, e questo fatto purtroppo ancora oggi d\u00e0 adito a inutili polemiche su cui non mi voglio soffermare.<br \/>\nInfatti a<strong> Venezia il 25 aprile la festa \u00e8 una e una soltanto<\/strong>: la festa di<strong> San Marco evangelista<\/strong>, santo patrono della citt\u00e0.<br \/>\nUn tempo, durante la Serenissima, si teneva una solenne processione in Piazza, tradizione che si \u00e8 persa nel tempo.<\/p>\n<p>Tuttavia una tradizione legata al 25 aprile resiste ed \u00e8 molto sentita ancora dai veneziani: il giorno di San Marco infatti \u00e8 anche il giorno del \u201c<em>b\u00f2colo<\/em>\u201d, vale a dire del bocciolo (<em>b\u00f2colo<\/em>, appunto) di rosa. \u00c8 tradizione infatti che il 25 aprile venga regalato a fidanzate e mogli (ma anche a madri, sorelle, e pi\u00f9 in generale alle donne della famiglia) una rosa rossa.[\/vc_column_text][\/vc_column][\/vc_row][vc_row][vc_column width=&#8221;1\/2&#8243;][vc_single_image image=&#8221;6615&#8243; img_size=&#8221;medium&#8221; add_caption=&#8221;yes&#8221; alignment=&#8221;center&#8221;][\/vc_column][vc_column width=&#8221;1\/2&#8243;][vc_column_text]Questa usanza ha le sue radici nella leggenda del contrastato amore tra <strong>Maria Partecipazio<\/strong>, figlia del <strong>doge Angelo<\/strong>, e <strong>Tancredi<\/strong>, un giovane osteggiato dal doge. Maria, per permettere a Tancredi di entrare nelle grazie del padre, gli chiese di andare a combattere in Spagna insieme con l\u2019esercito di Carlo Magno contro gli arabi. Tancredi si rivel\u00f2 un guerriero valoroso e la sua fama arriv\u00f2 fino a Venezia, tuttavia un giorno mor\u00ec in battaglia sopra un rosaio. Prima di morire, raccolse una rosa e chiese al suo amico Orlando di portarla a Maria, come ultimo gesto d\u2019amore. Il 24 aprile la rosa ancora insanguinata fu consegnata a Maria, e la giovane il giorno dopo -25 aprile, festa di San Marco- si tolse la vita per il dolore e fu trovata con la rosa appoggiata sul cuore.[\/vc_column_text][\/vc_column][\/vc_row][vc_row][vc_column][vc_column_text]Il giorno di San Marco viene quindi regalata ancora oggi una rosa rossa alle donne amate come simbolo di vero amore.[\/vc_column_text][\/vc_column][\/vc_row][vc_row][vc_column][vc_single_image image=&#8221;6617&#8243; img_size=&#8221;full&#8221; alignment=&#8221;center&#8221; onclick=&#8221;custom_link&#8221; link=&#8221;https:\/\/plumplumcreations.com\/it\/prodotto\/leone-di-san-marco-linoleografia\/&#8221;][\/vc_column][\/vc_row]<\/p>\n<\/div>","protected":false},"excerpt":{"rendered":"<p>A Venezia il 25 aprile la festa \u00e8 una e una soltanto: la festa di San Marco evangelista, santo patrono della citt\u00e0. <\/p>\n","protected":false},"author":3,"featured_media":6619,"comment_status":"closed","ping_status":"closed","sticky":false,"template":"","format":"standard","meta":{"footnotes":""},"categories":[179],"tags":[543,744,562,198,564,519,197,745],"class_list":["post-6624","post","type-post","status-publish","format-standard","has-post-thumbnail","hentry","category-venezia","tag-festa","tag-legend-it","tag-repubblica-di-venezia","tag-storia","tag-storia-di-venezia","tag-tradizione","tag-venezia","tag-venice-tradition-it"],"yoast_head":"<!-- This site is optimized with the Yoast SEO plugin v27.2 - https:\/\/yoast.com\/product\/yoast-seo-wordpress\/ -->\n<title>Il 25 Aprile: San Marco e il &quot;bocolo&quot; - Plum Plum Creations<\/title>\n<meta name=\"description\" content=\"A Venezia il 25 aprile la festa \u00e8 una e una soltanto: la festa di San Marco evangelista, santo patrono della citt\u00e0. E la festa del bocolo\" \/>\n<meta name=\"robots\" content=\"index, follow, max-snippet:-1, max-image-preview:large, max-video-preview:-1\" \/>\n<link rel=\"canonical\" href=\"https:\/\/plumplumcreations.com\/it\/2019\/04\/il-25-aprile-san-marco-e-il-bocolo\/\" \/>\n<meta property=\"og:locale\" content=\"it_IT\" \/>\n<meta property=\"og:type\" content=\"article\" \/>\n<meta property=\"og:title\" content=\"Il 25 Aprile: San Marco e il &quot;bocolo&quot; - Plum Plum Creations\" \/>\n<meta property=\"og:description\" content=\"A Venezia il 25 aprile la festa \u00e8 una e una soltanto: la festa di San Marco evangelista, santo patrono della citt\u00e0. E la festa del bocolo\" \/>\n<meta property=\"og:url\" content=\"https:\/\/plumplumcreations.com\/it\/2019\/04\/il-25-aprile-san-marco-e-il-bocolo\/\" \/>\n<meta property=\"og:site_name\" content=\"Plum Plum Creations\" \/>\n<meta property=\"article:publisher\" content=\"https:\/\/www.facebook.com\/plumplumcreations\/\" \/>\n<meta property=\"article:author\" content=\"http:\/\/www.facebook.com\/plumplumcreations\" \/>\n<meta property=\"article:published_time\" content=\"2019-04-24T09:27:05+00:00\" \/>\n<meta property=\"article:modified_time\" content=\"2019-04-24T09:29:17+00:00\" \/>\n<meta property=\"og:image\" content=\"https:\/\/plumplumcreations.com\/wp-content\/uploads\/2019\/04\/bocolo.jpg\" \/>\n\t<meta property=\"og:image:width\" content=\"1000\" \/>\n\t<meta property=\"og:image:height\" content=\"750\" \/>\n\t<meta property=\"og:image:type\" content=\"image\/jpeg\" \/>\n<meta name=\"author\" content=\"Arianna\" \/>\n<meta name=\"twitter:card\" content=\"summary_large_image\" \/>\n<meta name=\"twitter:creator\" content=\"@Plum2Creations\" \/>\n<meta name=\"twitter:site\" content=\"@Plum2Creations\" \/>\n<meta name=\"twitter:label1\" content=\"Scritto da\" \/>\n\t<meta name=\"twitter:data1\" content=\"Arianna\" \/>\n\t<meta name=\"twitter:label2\" content=\"Tempo di lettura stimato\" \/>\n\t<meta name=\"twitter:data2\" content=\"2 minuti\" \/>\n<script type=\"application\/ld+json\" class=\"yoast-schema-graph\">{\"@context\":\"https:\/\/schema.org\",\"@graph\":[{\"@type\":\"Article\",\"@id\":\"https:\/\/plumplumcreations.com\/it\/2019\/04\/il-25-aprile-san-marco-e-il-bocolo\/#article\",\"isPartOf\":{\"@id\":\"https:\/\/plumplumcreations.com\/it\/2019\/04\/il-25-aprile-san-marco-e-il-bocolo\/\"},\"author\":{\"name\":\"Arianna\",\"@id\":\"https:\/\/plumplumcreations.com\/it\/#\/schema\/person\/3397ab6b08ad3932aa10f504cb0aea80\"},\"headline\":\"Il 25 Aprile: San Marco e il &#8220;bocolo&#8221;\",\"datePublished\":\"2019-04-24T09:27:05+00:00\",\"dateModified\":\"2019-04-24T09:29:17+00:00\",\"mainEntityOfPage\":{\"@id\":\"https:\/\/plumplumcreations.com\/it\/2019\/04\/il-25-aprile-san-marco-e-il-bocolo\/\"},\"wordCount\":390,\"publisher\":{\"@id\":\"https:\/\/plumplumcreations.com\/it\/#organization\"},\"image\":{\"@id\":\"https:\/\/plumplumcreations.com\/it\/2019\/04\/il-25-aprile-san-marco-e-il-bocolo\/#primaryimage\"},\"thumbnailUrl\":\"https:\/\/plumplumcreations.com\/wp-content\/uploads\/2019\/04\/bocolo.jpg\",\"keywords\":[\"festa\",\"legend\",\"repubblica di venezia\",\"storia\",\"storia di venezia\",\"tradizione\",\"Venezia\",\"Venice tradition\"],\"articleSection\":[\"Venezia\"],\"inLanguage\":\"it-IT\"},{\"@type\":\"WebPage\",\"@id\":\"https:\/\/plumplumcreations.com\/it\/2019\/04\/il-25-aprile-san-marco-e-il-bocolo\/\",\"url\":\"https:\/\/plumplumcreations.com\/it\/2019\/04\/il-25-aprile-san-marco-e-il-bocolo\/\",\"name\":\"Il 25 Aprile: San Marco e il \\\"bocolo\\\" - Plum Plum Creations\",\"isPartOf\":{\"@id\":\"https:\/\/plumplumcreations.com\/it\/#website\"},\"primaryImageOfPage\":{\"@id\":\"https:\/\/plumplumcreations.com\/it\/2019\/04\/il-25-aprile-san-marco-e-il-bocolo\/#primaryimage\"},\"image\":{\"@id\":\"https:\/\/plumplumcreations.com\/it\/2019\/04\/il-25-aprile-san-marco-e-il-bocolo\/#primaryimage\"},\"thumbnailUrl\":\"https:\/\/plumplumcreations.com\/wp-content\/uploads\/2019\/04\/bocolo.jpg\",\"datePublished\":\"2019-04-24T09:27:05+00:00\",\"dateModified\":\"2019-04-24T09:29:17+00:00\",\"description\":\"A Venezia il 25 aprile la festa \u00e8 una e una soltanto: la festa di San Marco evangelista, santo patrono della citt\u00e0. E la festa del bocolo\",\"breadcrumb\":{\"@id\":\"https:\/\/plumplumcreations.com\/it\/2019\/04\/il-25-aprile-san-marco-e-il-bocolo\/#breadcrumb\"},\"inLanguage\":\"it-IT\",\"potentialAction\":[{\"@type\":\"ReadAction\",\"target\":[\"https:\/\/plumplumcreations.com\/it\/2019\/04\/il-25-aprile-san-marco-e-il-bocolo\/\"]}]},{\"@type\":\"ImageObject\",\"inLanguage\":\"it-IT\",\"@id\":\"https:\/\/plumplumcreations.com\/it\/2019\/04\/il-25-aprile-san-marco-e-il-bocolo\/#primaryimage\",\"url\":\"https:\/\/plumplumcreations.com\/wp-content\/uploads\/2019\/04\/bocolo.jpg\",\"contentUrl\":\"https:\/\/plumplumcreations.com\/wp-content\/uploads\/2019\/04\/bocolo.jpg\",\"width\":1000,\"height\":750},{\"@type\":\"BreadcrumbList\",\"@id\":\"https:\/\/plumplumcreations.com\/it\/2019\/04\/il-25-aprile-san-marco-e-il-bocolo\/#breadcrumb\",\"itemListElement\":[{\"@type\":\"ListItem\",\"position\":1,\"name\":\"Home\",\"item\":\"https:\/\/plumplumcreations.com\/it\/\"},{\"@type\":\"ListItem\",\"position\":2,\"name\":\"Il 25 Aprile: San Marco e il &#8220;bocolo&#8221;\"}]},{\"@type\":\"WebSite\",\"@id\":\"https:\/\/plumplumcreations.com\/it\/#website\",\"url\":\"https:\/\/plumplumcreations.com\/it\/\",\"name\":\"Plum Plum Creations\",\"description\":\"Art for Crafts'sake\",\"publisher\":{\"@id\":\"https:\/\/plumplumcreations.com\/it\/#organization\"},\"potentialAction\":[{\"@type\":\"SearchAction\",\"target\":{\"@type\":\"EntryPoint\",\"urlTemplate\":\"https:\/\/plumplumcreations.com\/it\/?s={search_term_string}\"},\"query-input\":{\"@type\":\"PropertyValueSpecification\",\"valueRequired\":true,\"valueName\":\"search_term_string\"}}],\"inLanguage\":\"it-IT\"},{\"@type\":\"Organization\",\"@id\":\"https:\/\/plumplumcreations.com\/it\/#organization\",\"name\":\"Plum Plum Creations di Arianna Sautariello\",\"url\":\"https:\/\/plumplumcreations.com\/it\/\",\"logo\":{\"@type\":\"ImageObject\",\"inLanguage\":\"it-IT\",\"@id\":\"https:\/\/plumplumcreations.com\/it\/#\/schema\/logo\/image\/\",\"url\":\"https:\/\/plumplumcreations.com\/wp-content\/uploads\/2017\/05\/logo-1.png\",\"contentUrl\":\"https:\/\/plumplumcreations.com\/wp-content\/uploads\/2017\/05\/logo-1.png\",\"width\":190,\"height\":57,\"caption\":\"Plum Plum Creations di Arianna Sautariello\"},\"image\":{\"@id\":\"https:\/\/plumplumcreations.com\/it\/#\/schema\/logo\/image\/\"},\"sameAs\":[\"https:\/\/www.facebook.com\/plumplumcreations\/\",\"https:\/\/x.com\/Plum2Creations\",\"http:\/\/instagram.com\/plumplumcreations\",\"http:\/\/pinterest.com\/ariautas\",\"https:\/\/www.youtube.com\/channel\/UCVw_esEH4FG7Pd2CNkOViig\"]},{\"@type\":\"Person\",\"@id\":\"https:\/\/plumplumcreations.com\/it\/#\/schema\/person\/3397ab6b08ad3932aa10f504cb0aea80\",\"name\":\"Arianna\",\"sameAs\":[\"http:\/\/plumplumcreations.com\/about-me\/\",\"http:\/\/www.facebook.com\/plumplumcreations\",\"https:\/\/x.com\/Plum2Creations\"]}]}<\/script>\n<!-- \/ Yoast SEO plugin. -->","yoast_head_json":{"title":"Il 25 Aprile: San Marco e il \"bocolo\" - Plum Plum Creations","description":"A Venezia il 25 aprile la festa \u00e8 una e una soltanto: la festa di San Marco evangelista, santo patrono della citt\u00e0. E la festa del bocolo","robots":{"index":"index","follow":"follow","max-snippet":"max-snippet:-1","max-image-preview":"max-image-preview:large","max-video-preview":"max-video-preview:-1"},"canonical":"https:\/\/plumplumcreations.com\/it\/2019\/04\/il-25-aprile-san-marco-e-il-bocolo\/","og_locale":"it_IT","og_type":"article","og_title":"Il 25 Aprile: San Marco e il \"bocolo\" - Plum Plum Creations","og_description":"A Venezia il 25 aprile la festa \u00e8 una e una soltanto: la festa di San Marco evangelista, santo patrono della citt\u00e0. E la festa del bocolo","og_url":"https:\/\/plumplumcreations.com\/it\/2019\/04\/il-25-aprile-san-marco-e-il-bocolo\/","og_site_name":"Plum Plum Creations","article_publisher":"https:\/\/www.facebook.com\/plumplumcreations\/","article_author":"http:\/\/www.facebook.com\/plumplumcreations","article_published_time":"2019-04-24T09:27:05+00:00","article_modified_time":"2019-04-24T09:29:17+00:00","og_image":[{"width":1000,"height":750,"url":"https:\/\/plumplumcreations.com\/wp-content\/uploads\/2019\/04\/bocolo.jpg","type":"image\/jpeg"}],"author":"Arianna","twitter_card":"summary_large_image","twitter_creator":"@Plum2Creations","twitter_site":"@Plum2Creations","twitter_misc":{"Scritto da":"Arianna","Tempo di lettura stimato":"2 minuti"},"schema":{"@context":"https:\/\/schema.org","@graph":[{"@type":"Article","@id":"https:\/\/plumplumcreations.com\/it\/2019\/04\/il-25-aprile-san-marco-e-il-bocolo\/#article","isPartOf":{"@id":"https:\/\/plumplumcreations.com\/it\/2019\/04\/il-25-aprile-san-marco-e-il-bocolo\/"},"author":{"name":"Arianna","@id":"https:\/\/plumplumcreations.com\/it\/#\/schema\/person\/3397ab6b08ad3932aa10f504cb0aea80"},"headline":"Il 25 Aprile: San Marco e il &#8220;bocolo&#8221;","datePublished":"2019-04-24T09:27:05+00:00","dateModified":"2019-04-24T09:29:17+00:00","mainEntityOfPage":{"@id":"https:\/\/plumplumcreations.com\/it\/2019\/04\/il-25-aprile-san-marco-e-il-bocolo\/"},"wordCount":390,"publisher":{"@id":"https:\/\/plumplumcreations.com\/it\/#organization"},"image":{"@id":"https:\/\/plumplumcreations.com\/it\/2019\/04\/il-25-aprile-san-marco-e-il-bocolo\/#primaryimage"},"thumbnailUrl":"https:\/\/plumplumcreations.com\/wp-content\/uploads\/2019\/04\/bocolo.jpg","keywords":["festa","legend","repubblica di venezia","storia","storia di venezia","tradizione","Venezia","Venice tradition"],"articleSection":["Venezia"],"inLanguage":"it-IT"},{"@type":"WebPage","@id":"https:\/\/plumplumcreations.com\/it\/2019\/04\/il-25-aprile-san-marco-e-il-bocolo\/","url":"https:\/\/plumplumcreations.com\/it\/2019\/04\/il-25-aprile-san-marco-e-il-bocolo\/","name":"Il 25 Aprile: San Marco e il \"bocolo\" - Plum Plum Creations","isPartOf":{"@id":"https:\/\/plumplumcreations.com\/it\/#website"},"primaryImageOfPage":{"@id":"https:\/\/plumplumcreations.com\/it\/2019\/04\/il-25-aprile-san-marco-e-il-bocolo\/#primaryimage"},"image":{"@id":"https:\/\/plumplumcreations.com\/it\/2019\/04\/il-25-aprile-san-marco-e-il-bocolo\/#primaryimage"},"thumbnailUrl":"https:\/\/plumplumcreations.com\/wp-content\/uploads\/2019\/04\/bocolo.jpg","datePublished":"2019-04-24T09:27:05+00:00","dateModified":"2019-04-24T09:29:17+00:00","description":"A Venezia il 25 aprile la festa \u00e8 una e una soltanto: la festa di San Marco evangelista, santo patrono della citt\u00e0. E la festa del bocolo","breadcrumb":{"@id":"https:\/\/plumplumcreations.com\/it\/2019\/04\/il-25-aprile-san-marco-e-il-bocolo\/#breadcrumb"},"inLanguage":"it-IT","potentialAction":[{"@type":"ReadAction","target":["https:\/\/plumplumcreations.com\/it\/2019\/04\/il-25-aprile-san-marco-e-il-bocolo\/"]}]},{"@type":"ImageObject","inLanguage":"it-IT","@id":"https:\/\/plumplumcreations.com\/it\/2019\/04\/il-25-aprile-san-marco-e-il-bocolo\/#primaryimage","url":"https:\/\/plumplumcreations.com\/wp-content\/uploads\/2019\/04\/bocolo.jpg","contentUrl":"https:\/\/plumplumcreations.com\/wp-content\/uploads\/2019\/04\/bocolo.jpg","width":1000,"height":750},{"@type":"BreadcrumbList","@id":"https:\/\/plumplumcreations.com\/it\/2019\/04\/il-25-aprile-san-marco-e-il-bocolo\/#breadcrumb","itemListElement":[{"@type":"ListItem","position":1,"name":"Home","item":"https:\/\/plumplumcreations.com\/it\/"},{"@type":"ListItem","position":2,"name":"Il 25 Aprile: San Marco e il &#8220;bocolo&#8221;"}]},{"@type":"WebSite","@id":"https:\/\/plumplumcreations.com\/it\/#website","url":"https:\/\/plumplumcreations.com\/it\/","name":"Plum Plum Creations","description":"Art for Crafts'sake","publisher":{"@id":"https:\/\/plumplumcreations.com\/it\/#organization"},"potentialAction":[{"@type":"SearchAction","target":{"@type":"EntryPoint","urlTemplate":"https:\/\/plumplumcreations.com\/it\/?s={search_term_string}"},"query-input":{"@type":"PropertyValueSpecification","valueRequired":true,"valueName":"search_term_string"}}],"inLanguage":"it-IT"},{"@type":"Organization","@id":"https:\/\/plumplumcreations.com\/it\/#organization","name":"Plum Plum Creations di Arianna Sautariello","url":"https:\/\/plumplumcreations.com\/it\/","logo":{"@type":"ImageObject","inLanguage":"it-IT","@id":"https:\/\/plumplumcreations.com\/it\/#\/schema\/logo\/image\/","url":"https:\/\/plumplumcreations.com\/wp-content\/uploads\/2017\/05\/logo-1.png","contentUrl":"https:\/\/plumplumcreations.com\/wp-content\/uploads\/2017\/05\/logo-1.png","width":190,"height":57,"caption":"Plum Plum Creations di Arianna Sautariello"},"image":{"@id":"https:\/\/plumplumcreations.com\/it\/#\/schema\/logo\/image\/"},"sameAs":["https:\/\/www.facebook.com\/plumplumcreations\/","https:\/\/x.com\/Plum2Creations","http:\/\/instagram.com\/plumplumcreations","http:\/\/pinterest.com\/ariautas","https:\/\/www.youtube.com\/channel\/UCVw_esEH4FG7Pd2CNkOViig"]},{"@type":"Person","@id":"https:\/\/plumplumcreations.com\/it\/#\/schema\/person\/3397ab6b08ad3932aa10f504cb0aea80","name":"Arianna","sameAs":["http:\/\/plumplumcreations.com\/about-me\/","http:\/\/www.facebook.com\/plumplumcreations","https:\/\/x.com\/Plum2Creations"]}]}},"_links":{"self":[{"href":"https:\/\/plumplumcreations.com\/it\/wp-json\/wp\/v2\/posts\/6624","targetHints":{"allow":["GET"]}}],"collection":[{"href":"https:\/\/plumplumcreations.com\/it\/wp-json\/wp\/v2\/posts"}],"about":[{"href":"https:\/\/plumplumcreations.com\/it\/wp-json\/wp\/v2\/types\/post"}],"author":[{"embeddable":true,"href":"https:\/\/plumplumcreations.com\/it\/wp-json\/wp\/v2\/users\/3"}],"replies":[{"embeddable":true,"href":"https:\/\/plumplumcreations.com\/it\/wp-json\/wp\/v2\/comments?post=6624"}],"version-history":[{"count":6,"href":"https:\/\/plumplumcreations.com\/it\/wp-json\/wp\/v2\/posts\/6624\/revisions"}],"predecessor-version":[{"id":6630,"href":"https:\/\/plumplumcreations.com\/it\/wp-json\/wp\/v2\/posts\/6624\/revisions\/6630"}],"wp:featuredmedia":[{"embeddable":true,"href":"https:\/\/plumplumcreations.com\/it\/wp-json\/wp\/v2\/media\/6619"}],"wp:attachment":[{"href":"https:\/\/plumplumcreations.com\/it\/wp-json\/wp\/v2\/media?parent=6624"}],"wp:term":[{"taxonomy":"category","embeddable":true,"href":"https:\/\/plumplumcreations.com\/it\/wp-json\/wp\/v2\/categories?post=6624"},{"taxonomy":"post_tag","embeddable":true,"href":"https:\/\/plumplumcreations.com\/it\/wp-json\/wp\/v2\/tags?post=6624"}],"curies":[{"name":"wp","href":"https:\/\/api.w.org\/{rel}","templated":true}]}}